{"id":2019,"date":"2018-05-02T12:24:19","date_gmt":"2018-05-02T10:24:19","guid":{"rendered":"http:\/\/agora.xtec.cat\/zer-pedrera\/?p=2019"},"modified":"2018-05-02T12:24:19","modified_gmt":"2018-05-02T10:24:19","slug":"trobada-dels-artistes","status":"publish","type":"post","link":"https:\/\/agora.xtec.cat\/zer-pedrera\/general\/trobada-dels-artistes\/","title":{"rendered":"Trobada dels artistes"},"content":{"rendered":"<p>El passat dia 27 d&#8217;abril v\u00e0rem rebre als nostres companys de Puiggr\u00f2s que v\u00e0ren venir a celebrar la trobada dels artistes.<\/p>\n<p>Aquest any va ser a c\u00e0rrec del Ferran de la companyia &#8220;No patiskos&#8221; que ens va fer un taller de titelles pel mat\u00ed i una sessi\u00f3 de conta contes per la tarda.<\/p>\n<p>Ens ho vam passar molt b\u00e9 i vam aprendre a fer unes titelles molt maques.<\/p>\n<p><a href=\"https:\/\/plus.google.com\/u\/0\/photos\/100282936836565970333\/album\/6550927125181827873\/6550927128651029010?authkey=CPiJ0raK9ImaQQ\">https:\/\/plus.google.com\/u\/0\/photos\/100282936836565970333\/album\/6550927125181827873\/6550927128651029010?authkey=CPiJ0raK9ImaQQ<\/a><\/p>\n","protected":false},"excerpt":{"rendered":"<p>El passat dia 27 d&#8217;abril v\u00e0rem rebre als nostres companys de Puiggr\u00f2s que v\u00e0ren venir a celebrar la trobada dels artistes.<br \/>\nAquest any va ser a c\u00e0rrec del Ferran de la companyia &#8220;No patiskos&#8221; que ens va fer un taller de titelles pel mat\u00ed i una&hellip;  <a href=\"https:\/\/agora.xtec.cat\/zer-pedrera\/general\/trobada-dels-artistes\/\" title=\"Read Trobada dels artistes\">Llegeix m\u00e9s\u00bb<\/a><\/p>\n","protected":false},"author":1,"featured_media":0,"comment_status":"open","ping_status":"closed","sticky":false,"template":"","format":"standard","meta":{"_bbp_topic_count":0,"_bbp_reply_count":0,"_bbp_total_topic_count":0,"_bbp_total_reply_count":0,"_bbp_voice_count":0,"_bbp_anonymous_reply_count":0,"_bbp_topic_count_hidden":0,"_bbp_reply_count_hidden":0,"_bbp_forum_subforum_count":0,"footnotes":""},"categories":[110,111,1,29],"tags":[],"class_list":["post-2019","post","type-post","status-publish","format-standard","hentry","category-escola-abat-ruera","category-escola-porcel-de-cervera","category-general","category-portada"],"post_mailing_queue_ids":[],"_links":{"self":[{"href":"https:\/\/agora.xtec.cat\/zer-pedrera\/wp-json\/wp\/v2\/posts\/2019","targetHints":{"allow":["GET"]}}],"collection":[{"href":"https:\/\/agora.xtec.cat\/zer-pedrera\/wp-json\/wp\/v2\/posts"}],"about":[{"href":"https:\/\/agora.xtec.cat\/zer-pedrera\/wp-json\/wp\/v2\/types\/post"}],"author":[{"embeddable":true,"href":"https:\/\/agora.xtec.cat\/zer-pedrera\/wp-json\/wp\/v2\/users\/1"}],"replies":[{"embeddable":true,"href":"https:\/\/agora.xtec.cat\/zer-pedrera\/wp-json\/wp\/v2\/comments?post=2019"}],"version-history":[{"count":1,"href":"https:\/\/agora.xtec.cat\/zer-pedrera\/wp-json\/wp\/v2\/posts\/2019\/revisions"}],"predecessor-version":[{"id":2020,"href":"https:\/\/agora.xtec.cat\/zer-pedrera\/wp-json\/wp\/v2\/posts\/2019\/revisions\/2020"}],"wp:attachment":[{"href":"https:\/\/agora.xtec.cat\/zer-pedrera\/wp-json\/wp\/v2\/media?parent=2019"}],"wp:term":[{"taxonomy":"category","embeddable":true,"href":"https:\/\/agora.xtec.cat\/zer-pedrera\/wp-json\/wp\/v2\/categories?post=2019"},{"taxonomy":"post_tag","embeddable":true,"href":"https:\/\/agora.xtec.cat\/zer-pedrera\/wp-json\/wp\/v2\/tags?post=2019"}],"curies":[{"name":"wp","href":"https:\/\/api.w.org\/{rel}","templated":true}]}}