{"id":2017,"date":"2018-04-26T14:15:21","date_gmt":"2018-04-26T12:15:21","guid":{"rendered":"http:\/\/agora.xtec.cat\/zer-pedrera\/?p=2017"},"modified":"2018-04-26T14:15:21","modified_gmt":"2018-04-26T12:15:21","slug":"jornades-esportives-del-pla-durgell","status":"publish","type":"post","link":"https:\/\/agora.xtec.cat\/zer-pedrera\/portada\/jornades-esportives-del-pla-durgell\/","title":{"rendered":"Jornades Esportives del Pla d&#8217;Urgell"},"content":{"rendered":"<p>El passat dia 20 d&#8217;abril, els alumnes de cicle superior de l&#8217;Espluga Calba v\u00e0rem anar a unes jornades esportives que, com cada any, organitza el Consell Esportiu del Pla d&#8217;Urgell.<\/p>\n<p>Ens vam passar tot el dia fent activitats (aer\u00f2bic, futbol, paintball,&#8230;) fins a l&#8217;hora de dinar.<\/p>\n<p>Vam riure molt, vam acabar super cansats i vam tornar cap a casa molt contents perqu\u00e8 ens ho hav\u00edem passat molt b\u00e9.<\/p>\n<p>Us deixem un petit recull de fotos del dia de la jornada.<\/p>\n<p><a href=\"https:\/\/plus.google.com\/u\/0\/photos\/100282936836565970333\/album\/6548722981050035233\/6548722985905700818?authkey=CND6jMuwndH9DA\">https:\/\/plus.google.com\/u\/0\/photos\/100282936836565970333\/album\/6548722981050035233\/6548722985905700818?authkey=CND6jMuwndH9DA<\/a><\/p>\n<p>&nbsp;<\/p>\n","protected":false},"excerpt":{"rendered":"<p>El passat dia 20 d&#8217;abril, els alumnes de cicle superior de l&#8217;Espluga Calba v\u00e0rem anar a unes jornades esportives que, com cada any, organitza el Consell Esportiu del Pla d&#8217;Urgell.<br \/>\nEns vam passar tot el dia fent activitats (aer\u00f2bic, futbol, paintball,&#8230;) fins a l&#8217;hora de dinar.<br \/>\nVam&hellip;  <a href=\"https:\/\/agora.xtec.cat\/zer-pedrera\/portada\/jornades-esportives-del-pla-durgell\/\" title=\"Read Jornades Esportives del Pla d&#8217;Urgell\">Llegeix m\u00e9s\u00bb<\/a><\/p>\n","protected":false},"author":1,"featured_media":0,"comment_status":"open","ping_status":"closed","sticky":false,"template":"","format":"standard","meta":{"_bbp_topic_count":0,"_bbp_reply_count":0,"_bbp_total_topic_count":0,"_bbp_total_reply_count":0,"_bbp_voice_count":0,"_bbp_anonymous_reply_count":0,"_bbp_topic_count_hidden":0,"_bbp_reply_count_hidden":0,"_bbp_forum_subforum_count":0,"footnotes":""},"categories":[111,29,122],"tags":[],"class_list":["post-2017","post","type-post","status-publish","format-standard","hentry","category-escola-porcel-de-cervera","category-portada","category-valors"],"post_mailing_queue_ids":[],"_links":{"self":[{"href":"https:\/\/agora.xtec.cat\/zer-pedrera\/wp-json\/wp\/v2\/posts\/2017","targetHints":{"allow":["GET"]}}],"collection":[{"href":"https:\/\/agora.xtec.cat\/zer-pedrera\/wp-json\/wp\/v2\/posts"}],"about":[{"href":"https:\/\/agora.xtec.cat\/zer-pedrera\/wp-json\/wp\/v2\/types\/post"}],"author":[{"embeddable":true,"href":"https:\/\/agora.xtec.cat\/zer-pedrera\/wp-json\/wp\/v2\/users\/1"}],"replies":[{"embeddable":true,"href":"https:\/\/agora.xtec.cat\/zer-pedrera\/wp-json\/wp\/v2\/comments?post=2017"}],"version-history":[{"count":1,"href":"https:\/\/agora.xtec.cat\/zer-pedrera\/wp-json\/wp\/v2\/posts\/2017\/revisions"}],"predecessor-version":[{"id":2018,"href":"https:\/\/agora.xtec.cat\/zer-pedrera\/wp-json\/wp\/v2\/posts\/2017\/revisions\/2018"}],"wp:attachment":[{"href":"https:\/\/agora.xtec.cat\/zer-pedrera\/wp-json\/wp\/v2\/media?parent=2017"}],"wp:term":[{"taxonomy":"category","embeddable":true,"href":"https:\/\/agora.xtec.cat\/zer-pedrera\/wp-json\/wp\/v2\/categories?post=2017"},{"taxonomy":"post_tag","embeddable":true,"href":"https:\/\/agora.xtec.cat\/zer-pedrera\/wp-json\/wp\/v2\/tags?post=2017"}],"curies":[{"name":"wp","href":"https:\/\/api.w.org\/{rel}","templated":true}]}}