{"id":2011,"date":"2018-03-23T16:27:28","date_gmt":"2018-03-23T15:27:28","guid":{"rendered":"http:\/\/agora.xtec.cat\/zer-pedrera\/?p=2011"},"modified":"2018-03-23T16:29:06","modified_gmt":"2018-03-23T15:29:06","slug":"fem-la-mona","status":"publish","type":"post","link":"https:\/\/agora.xtec.cat\/zer-pedrera\/portada\/fem-la-mona\/","title":{"rendered":"Fem la Mona!!!"},"content":{"rendered":"<p>Avui \u00e9s l&#8217;\u00faltim dia d&#8217;escola i ja tenim el cap m\u00e9s a les vacances que a l&#8217;escola. Per\u00f2 per acabar aquest trimestre hem fet les nostres mones.<\/p>\n<p>Ahir v\u00e0rem fer la base i avui ja nom\u00e9s ens ha quedat adornar-la i&#8230; menjar-la!!!<\/p>\n<p>Hem gaudit molt fent aquesta activitat i hem apr\u00e8s a fer coques de iogurt bon\u00edssimes i molt sencilles.<\/p>\n<p>A veure si s&#8217;engresquen i aquesta setmana santa us sorprenen amb alguna coca per esmorzar&#8230;<\/p>\n<p>Gaudiu de les vacances i agafeu forces per encarar el darrer trimestre.<\/p>\n<p>Ens veiem a la tornada!!! (Recordeu que l&#8217;escola comen\u00e7ar\u00e0 el dimecres dia 4 d&#8217;abril)<\/p>\n<p><a href=\"https:\/\/plus.google.com\/u\/0\/photos\/100282936836565970333\/album\/6536160550489163201\/6536160550386920194?authkey=CJqQppL8pLiB8QE\">https:\/\/plus.google.com\/u\/0\/photos\/100282936836565970333\/album\/6536160550489163201\/6536160550386920194?authkey=CJqQppL8pLiB8QE<\/a><\/p>\n","protected":false},"excerpt":{"rendered":"<p>Avui \u00e9s l&#8217;\u00faltim dia d&#8217;escola i ja tenim el cap m\u00e9s a les vacances que a l&#8217;escola. Per\u00f2 per acabar aquest trimestre hem fet les nostres mones.<br \/>\nAhir v\u00e0rem fer la base i avui ja nom\u00e9s ens ha quedat adornar-la i&#8230; menjar-la!!!<br \/>\nHem gaudit molt fent aquesta&hellip;  <a href=\"https:\/\/agora.xtec.cat\/zer-pedrera\/portada\/fem-la-mona\/\" title=\"Read Fem la Mona!!!\">Llegeix m\u00e9s\u00bb<\/a><\/p>\n","protected":false},"author":1,"featured_media":0,"comment_status":"open","ping_status":"closed","sticky":false,"template":"","format":"standard","meta":{"_bbp_topic_count":0,"_bbp_reply_count":0,"_bbp_total_topic_count":0,"_bbp_total_reply_count":0,"_bbp_voice_count":0,"_bbp_anonymous_reply_count":0,"_bbp_topic_count_hidden":0,"_bbp_reply_count_hidden":0,"_bbp_forum_subforum_count":0,"footnotes":""},"categories":[111,29],"tags":[],"class_list":["post-2011","post","type-post","status-publish","format-standard","hentry","category-escola-porcel-de-cervera","category-portada"],"post_mailing_queue_ids":[],"_links":{"self":[{"href":"https:\/\/agora.xtec.cat\/zer-pedrera\/wp-json\/wp\/v2\/posts\/2011","targetHints":{"allow":["GET"]}}],"collection":[{"href":"https:\/\/agora.xtec.cat\/zer-pedrera\/wp-json\/wp\/v2\/posts"}],"about":[{"href":"https:\/\/agora.xtec.cat\/zer-pedrera\/wp-json\/wp\/v2\/types\/post"}],"author":[{"embeddable":true,"href":"https:\/\/agora.xtec.cat\/zer-pedrera\/wp-json\/wp\/v2\/users\/1"}],"replies":[{"embeddable":true,"href":"https:\/\/agora.xtec.cat\/zer-pedrera\/wp-json\/wp\/v2\/comments?post=2011"}],"version-history":[{"count":2,"href":"https:\/\/agora.xtec.cat\/zer-pedrera\/wp-json\/wp\/v2\/posts\/2011\/revisions"}],"predecessor-version":[{"id":2013,"href":"https:\/\/agora.xtec.cat\/zer-pedrera\/wp-json\/wp\/v2\/posts\/2011\/revisions\/2013"}],"wp:attachment":[{"href":"https:\/\/agora.xtec.cat\/zer-pedrera\/wp-json\/wp\/v2\/media?parent=2011"}],"wp:term":[{"taxonomy":"category","embeddable":true,"href":"https:\/\/agora.xtec.cat\/zer-pedrera\/wp-json\/wp\/v2\/categories?post=2011"},{"taxonomy":"post_tag","embeddable":true,"href":"https:\/\/agora.xtec.cat\/zer-pedrera\/wp-json\/wp\/v2\/tags?post=2011"}],"curies":[{"name":"wp","href":"https:\/\/api.w.org\/{rel}","templated":true}]}}