{"id":1997,"date":"2018-02-14T14:12:20","date_gmt":"2018-02-14T13:12:20","guid":{"rendered":"http:\/\/agora.xtec.cat\/zer-pedrera\/?p=1997"},"modified":"2018-03-02T12:45:37","modified_gmt":"2018-03-02T11:45:37","slug":"ovaprova","status":"publish","type":"post","link":"https:\/\/agora.xtec.cat\/zer-pedrera\/general\/ovaprova\/","title":{"rendered":"Una bi\u00f2loga a l&#8217;escola!!!"},"content":{"rendered":"<p>Quina setmaneta que portem!!! No podem demanar m\u00e9s, ha nevat, hem fet ninots i guerres de neu i ja per acabar-ho d&#8217;arrodonir ens ha visitat una bi\u00f2loga de l&#8217;Espluga que en sentirem a parlar.<\/p>\n<p>El seu nom \u00e9s Montse i tot i que \u00e9s filla de l&#8217;Espluga Calba ara viu a Barcelona. Treballa a la Vall d&#8217;Hebr\u00f3n com a investigadora de malalties mentals i neurol\u00f2giques. S\u00f3n aquelles persones an\u00f2nimes que fan tanta feina sense que ning\u00fa en s\u00e0piga res.<\/p>\n<p>Ens va comen\u00e7ar fent una petita introducci\u00f3 d&#8217;un dels \u00f2rgans m\u00e9s important del nostre cos, el cervell. I vam acabar fent una improvitzaci\u00f3 de laboratori on v\u00e0rem poder veure en un microscopi un embri\u00f3 de ratol\u00ed i el seu cervell.<\/p>\n<p>Tamb\u00e9 vam poder manipular cervell de porc i cervell de ratol\u00ed. El v\u00e0rem poder tocar, obrir-lo pel mig i veure les difer\u00e8ncies de l&#8217;un i de l&#8217;altre.<\/p>\n<p>Finalment ens va fer un experiment per veure la quantitat de prote\u00efna que tenia un ou. El temps se&#8217;ns va ficar al damunt i no vam poder fer res m\u00e9s, per\u00f2 als nostres petits bi\u00f2legs els va quedar un bon regust a la boca.<\/p>\n<p>Ha estat una activitat motivadora, diferent i molt did\u00e0ctica. Els nens s&#8217;han mostrat en tot moment molt engrescats en tot el que feien i ja tenen ganes de que torni la Montse amb nous reptes.<\/p>\n<p><a href=\"https:\/\/plus.google.com\/u\/0\/photos\/100282936836565970333\/album\/6528306164260095425\/6528306175239659314?authkey=COKhuPrLpriRGQ\">https:\/\/plus.google.com\/u\/0\/photos\/100282936836565970333\/album\/6528306164260095425\/6528306175239659314?authkey=COKhuPrLpriRGQ<\/a><\/p>\n","protected":false},"excerpt":{"rendered":"<p>Quina setmaneta que portem!!! No podem demanar m\u00e9s, ha nevat, hem fet ninots i guerres de neu i ja per acabar-ho d&#8217;arrodonir ens ha visitat una bi\u00f2loga de l&#8217;Espluga que en sentirem a parlar.<br \/>\nEl seu nom \u00e9s Montse i tot i que \u00e9s filla de&hellip;  <a href=\"https:\/\/agora.xtec.cat\/zer-pedrera\/general\/ovaprova\/\" title=\"Read Una bi\u00f2loga a l&#8217;escola!!!\">Llegeix m\u00e9s\u00bb<\/a><\/p>\n","protected":false},"author":1,"featured_media":0,"comment_status":"open","ping_status":"closed","sticky":false,"template":"","format":"standard","meta":{"_bbp_topic_count":0,"_bbp_reply_count":0,"_bbp_total_topic_count":0,"_bbp_total_reply_count":0,"_bbp_voice_count":0,"_bbp_anonymous_reply_count":0,"_bbp_topic_count_hidden":0,"_bbp_reply_count_hidden":0,"_bbp_forum_subforum_count":0,"footnotes":""},"categories":[111,1,29],"tags":[],"class_list":["post-1997","post","type-post","status-publish","format-standard","hentry","category-escola-porcel-de-cervera","category-general","category-portada"],"post_mailing_queue_ids":[],"_links":{"self":[{"href":"https:\/\/agora.xtec.cat\/zer-pedrera\/wp-json\/wp\/v2\/posts\/1997","targetHints":{"allow":["GET"]}}],"collection":[{"href":"https:\/\/agora.xtec.cat\/zer-pedrera\/wp-json\/wp\/v2\/posts"}],"about":[{"href":"https:\/\/agora.xtec.cat\/zer-pedrera\/wp-json\/wp\/v2\/types\/post"}],"author":[{"embeddable":true,"href":"https:\/\/agora.xtec.cat\/zer-pedrera\/wp-json\/wp\/v2\/users\/1"}],"replies":[{"embeddable":true,"href":"https:\/\/agora.xtec.cat\/zer-pedrera\/wp-json\/wp\/v2\/comments?post=1997"}],"version-history":[{"count":3,"href":"https:\/\/agora.xtec.cat\/zer-pedrera\/wp-json\/wp\/v2\/posts\/1997\/revisions"}],"predecessor-version":[{"id":2010,"href":"https:\/\/agora.xtec.cat\/zer-pedrera\/wp-json\/wp\/v2\/posts\/1997\/revisions\/2010"}],"wp:attachment":[{"href":"https:\/\/agora.xtec.cat\/zer-pedrera\/wp-json\/wp\/v2\/media?parent=1997"}],"wp:term":[{"taxonomy":"category","embeddable":true,"href":"https:\/\/agora.xtec.cat\/zer-pedrera\/wp-json\/wp\/v2\/categories?post=1997"},{"taxonomy":"post_tag","embeddable":true,"href":"https:\/\/agora.xtec.cat\/zer-pedrera\/wp-json\/wp\/v2\/tags?post=1997"}],"curies":[{"name":"wp","href":"https:\/\/api.w.org\/{rel}","templated":true}]}}