{"id":1992,"date":"2018-02-12T15:33:25","date_gmt":"2018-02-12T14:33:25","guid":{"rendered":"http:\/\/agora.xtec.cat\/zer-pedrera\/?p=1992"},"modified":"2018-02-14T14:16:50","modified_gmt":"2018-02-14T13:16:50","slug":"arriba-el-carnestoltes","status":"publish","type":"post","link":"https:\/\/agora.xtec.cat\/zer-pedrera\/general\/arriba-el-carnestoltes\/","title":{"rendered":"Arriba el Carnestoltes"},"content":{"rendered":"<p>El Divendres 9 de Febrer vam celebrar el dia de Carnestoltes. Tots els nens i nenes de la Zer Pedrera ens vam trobar a Puiggr\u00f2s i vam celebrar plegats el Carnaval.<\/p>\n<p>Durant el mat\u00ed vam acabar de preparar les disfresses i vam esmorzar coca i xocolata. Deliciosa!!<\/p>\n<p>Despr\u00e9s de dinar tots junts i jugar una estona, ens v\u00e0rem disfressar i vam anar a fer la rua pel poble. \u00a0Aquest any an\u00e0vem disfressats de diferents civilitzacions. Les nenes i els nens m\u00e9s petits es van disfressar de xinesos, els de cicle inicial de zul\u00fas i els m\u00e9s grans d&#8217;egipcis. Durant la rua vam ballar i cantar molt!<\/p>\n<p>Ja per acabar vam llegir el testament del rei Carnestoltes, que va ser molt divertit, i el vam cremar!<\/p>\n<p>Fins l&#8217;any que ve rei Carnestoltes, et trobarem a faltar!!<\/p>\n<p><a href=\"https:\/\/plus.google.com\/u\/0\/photos\/100282936836565970333\/album\/6521680658063216513\/6521680661769294226?authkey=CIHwq5nf1MPNwAE\">https:\/\/plus.google.com\/u\/0\/photos\/100282936836565970333\/album\/6521680658063216513\/6521680661769294226?authkey=CIHwq5nf1MPNwAE<\/a><\/p>\n","protected":false},"excerpt":{"rendered":"<p>El Divendres 9 de Febrer vam celebrar el dia de Carnestoltes. Tots els nens i nenes de la Zer Pedrera ens vam trobar a Puiggr\u00f2s i vam celebrar plegats el Carnaval.<br \/>\nDurant el mat\u00ed vam acabar de preparar les disfresses i vam esmorzar coca i xocolata.&hellip;  <a href=\"https:\/\/agora.xtec.cat\/zer-pedrera\/general\/arriba-el-carnestoltes\/\" title=\"Read Arriba el Carnestoltes\">Llegeix m\u00e9s\u00bb<\/a><\/p>\n","protected":false},"author":1,"featured_media":0,"comment_status":"open","ping_status":"closed","sticky":false,"template":"","format":"standard","meta":{"_bbp_topic_count":0,"_bbp_reply_count":0,"_bbp_total_topic_count":0,"_bbp_total_reply_count":0,"_bbp_voice_count":0,"_bbp_anonymous_reply_count":0,"_bbp_topic_count_hidden":0,"_bbp_reply_count_hidden":0,"_bbp_forum_subforum_count":0,"footnotes":""},"categories":[113,110,111,1,29,89],"tags":[],"class_list":["post-1992","post","type-post","status-publish","format-standard","hentry","category-e-infantil","category-escola-abat-ruera","category-escola-porcel-de-cervera","category-general","category-portada","category-primaria"],"post_mailing_queue_ids":[],"_links":{"self":[{"href":"https:\/\/agora.xtec.cat\/zer-pedrera\/wp-json\/wp\/v2\/posts\/1992","targetHints":{"allow":["GET"]}}],"collection":[{"href":"https:\/\/agora.xtec.cat\/zer-pedrera\/wp-json\/wp\/v2\/posts"}],"about":[{"href":"https:\/\/agora.xtec.cat\/zer-pedrera\/wp-json\/wp\/v2\/types\/post"}],"author":[{"embeddable":true,"href":"https:\/\/agora.xtec.cat\/zer-pedrera\/wp-json\/wp\/v2\/users\/1"}],"replies":[{"embeddable":true,"href":"https:\/\/agora.xtec.cat\/zer-pedrera\/wp-json\/wp\/v2\/comments?post=1992"}],"version-history":[{"count":3,"href":"https:\/\/agora.xtec.cat\/zer-pedrera\/wp-json\/wp\/v2\/posts\/1992\/revisions"}],"predecessor-version":[{"id":2001,"href":"https:\/\/agora.xtec.cat\/zer-pedrera\/wp-json\/wp\/v2\/posts\/1992\/revisions\/2001"}],"wp:attachment":[{"href":"https:\/\/agora.xtec.cat\/zer-pedrera\/wp-json\/wp\/v2\/media?parent=1992"}],"wp:term":[{"taxonomy":"category","embeddable":true,"href":"https:\/\/agora.xtec.cat\/zer-pedrera\/wp-json\/wp\/v2\/categories?post=1992"},{"taxonomy":"post_tag","embeddable":true,"href":"https:\/\/agora.xtec.cat\/zer-pedrera\/wp-json\/wp\/v2\/tags?post=1992"}],"curies":[{"name":"wp","href":"https:\/\/api.w.org\/{rel}","templated":true}]}}