{"id":1985,"date":"2018-02-12T15:12:09","date_gmt":"2018-02-12T14:12:09","guid":{"rendered":"http:\/\/agora.xtec.cat\/zer-pedrera\/?p=1985"},"modified":"2018-02-12T15:12:09","modified_gmt":"2018-02-12T14:12:09","slug":"els-alumnes-ens-ensenyen-els-seus-instruments","status":"publish","type":"post","link":"https:\/\/agora.xtec.cat\/zer-pedrera\/general\/els-alumnes-ens-ensenyen-els-seus-instruments\/","title":{"rendered":"Els alumnes ens ensenyen els seus instruments!!"},"content":{"rendered":"<p>Els alumnes de l&#8217;escola que toquen instruments ens els han portat a l&#8217;escola i ens han ensenyat com sonen i com els toquen.<\/p>\n<p>La Martina ens va portar el viol\u00ed, un instrument de corda. Tenia quatre cordes i era un instrument bastant agut. Es toca principalment fregant les cordes amb un arquet, per\u00f2 tamb\u00e9 es pot tocar pin\u00e7ant.<\/p>\n<p>L&#8217;Elisio ens va portar un acordi\u00f3. Un instrument de vent per\u00f2 que no es toca bufant, sin\u00f3 &#8220;manxant&#8221; l&#8217;aire i tocant un teclat.<\/p>\n<p>En Robert ens va ensenyar la guitarra. La guitarra el\u00e8ctrica que es toca endollada a un amplificador i la guitarra cl\u00e0ssica.<\/p>\n<p>A m\u00e9s tamb\u00e9 vam poder veure i escoltar l&#8217;harm\u00f2nica.<\/p>\n<p>Tot plegat va ser molt interessant!!<\/p>\n<p><a href=\"https:\/\/plus.google.com\/u\/0\/photos\/100282936836565970333\/album\/6519764001756077041\/6519764003599847554?authkey=CLW46qvthdrYzAE\">https:\/\/plus.google.com\/u\/0\/photos\/100282936836565970333\/album\/6519764001756077041\/6519764003599847554?authkey=CLW46qvthdrYzAE<\/a><\/p>\n","protected":false},"excerpt":{"rendered":"<p>Els alumnes de l&#8217;escola que toquen instruments ens els han portat a l&#8217;escola i ens han ensenyat com sonen i com els toquen.<br \/>\nLa Martina ens va portar el viol\u00ed, un instrument de corda. Tenia quatre cordes i era un instrument bastant agut. Es toca principalment&hellip;  <a href=\"https:\/\/agora.xtec.cat\/zer-pedrera\/general\/els-alumnes-ens-ensenyen-els-seus-instruments\/\" title=\"Read Els alumnes ens ensenyen els seus instruments!!\">Llegeix m\u00e9s\u00bb<\/a><\/p>\n","protected":false},"author":1,"featured_media":0,"comment_status":"open","ping_status":"closed","sticky":false,"template":"","format":"standard","meta":{"_bbp_topic_count":0,"_bbp_reply_count":0,"_bbp_total_topic_count":0,"_bbp_total_reply_count":0,"_bbp_voice_count":0,"_bbp_anonymous_reply_count":0,"_bbp_topic_count_hidden":0,"_bbp_reply_count_hidden":0,"_bbp_forum_subforum_count":0,"footnotes":""},"categories":[110,1,117,118,29,89],"tags":[],"class_list":["post-1985","post","type-post","status-publish","format-standard","hentry","category-escola-abat-ruera","category-general","category-musica","category-musica-2","category-portada","category-primaria"],"post_mailing_queue_ids":[],"_links":{"self":[{"href":"https:\/\/agora.xtec.cat\/zer-pedrera\/wp-json\/wp\/v2\/posts\/1985","targetHints":{"allow":["GET"]}}],"collection":[{"href":"https:\/\/agora.xtec.cat\/zer-pedrera\/wp-json\/wp\/v2\/posts"}],"about":[{"href":"https:\/\/agora.xtec.cat\/zer-pedrera\/wp-json\/wp\/v2\/types\/post"}],"author":[{"embeddable":true,"href":"https:\/\/agora.xtec.cat\/zer-pedrera\/wp-json\/wp\/v2\/users\/1"}],"replies":[{"embeddable":true,"href":"https:\/\/agora.xtec.cat\/zer-pedrera\/wp-json\/wp\/v2\/comments?post=1985"}],"version-history":[{"count":2,"href":"https:\/\/agora.xtec.cat\/zer-pedrera\/wp-json\/wp\/v2\/posts\/1985\/revisions"}],"predecessor-version":[{"id":1991,"href":"https:\/\/agora.xtec.cat\/zer-pedrera\/wp-json\/wp\/v2\/posts\/1985\/revisions\/1991"}],"wp:attachment":[{"href":"https:\/\/agora.xtec.cat\/zer-pedrera\/wp-json\/wp\/v2\/media?parent=1985"}],"wp:term":[{"taxonomy":"category","embeddable":true,"href":"https:\/\/agora.xtec.cat\/zer-pedrera\/wp-json\/wp\/v2\/categories?post=1985"},{"taxonomy":"post_tag","embeddable":true,"href":"https:\/\/agora.xtec.cat\/zer-pedrera\/wp-json\/wp\/v2\/tags?post=1985"}],"curies":[{"name":"wp","href":"https:\/\/api.w.org\/{rel}","templated":true}]}}