{"id":1977,"date":"2018-01-24T12:01:09","date_gmt":"2018-01-24T11:01:09","guid":{"rendered":"http:\/\/agora.xtec.cat\/zer-pedrera\/?p=1977"},"modified":"2018-01-24T12:01:09","modified_gmt":"2018-01-24T11:01:09","slug":"fem-suquets","status":"publish","type":"post","link":"https:\/\/agora.xtec.cat\/zer-pedrera\/general\/fem-suquets\/","title":{"rendered":"Fem suquets"},"content":{"rendered":"<p>La setmana passada ens van portar la fruita d&#8217;aquest mes. Peres, mandarines, pl\u00e0tans i pastagues. Per\u00f2 els virus ens han jugat una mala passada i tenim a mitja escola malalta. Per tal de que no se&#8217;ns faci malb\u00e9, la Marta ens ha portat una liquadora i hem aprofitat per a fer suquets amb totes les combinacions possibles. Estaven bon\u00edssims!!!<\/p>\n<p><a href=\"https:\/\/plus.google.com\/u\/0\/photos\/100282936836565970333\/album\/6514557465930145233\/6514557462458607730?authkey=CKyS9aPyv7brjQE\">https:\/\/plus.google.com\/u\/0\/photos\/100282936836565970333\/album\/6514557465930145233\/6514557462458607730?authkey=CKyS9aPyv7brjQE<\/a><\/p>\n","protected":false},"excerpt":{"rendered":"<p>La setmana passada ens van portar la fruita d&#8217;aquest mes. Peres, mandarines, pl\u00e0tans i pastagues. Per\u00f2 els virus ens han jugat una mala passada i tenim a mitja escola malalta. Per tal de que no se&#8217;ns faci malb\u00e9, la Marta ens ha portat una liquadora&hellip;  <a href=\"https:\/\/agora.xtec.cat\/zer-pedrera\/general\/fem-suquets\/\" title=\"Read Fem suquets\">Llegeix m\u00e9s\u00bb<\/a><\/p>\n","protected":false},"author":1,"featured_media":0,"comment_status":"open","ping_status":"closed","sticky":false,"template":"","format":"standard","meta":{"_bbp_topic_count":0,"_bbp_reply_count":0,"_bbp_total_topic_count":0,"_bbp_total_reply_count":0,"_bbp_voice_count":0,"_bbp_anonymous_reply_count":0,"_bbp_topic_count_hidden":0,"_bbp_reply_count_hidden":0,"_bbp_forum_subforum_count":0,"footnotes":""},"categories":[111,1,29],"tags":[],"class_list":["post-1977","post","type-post","status-publish","format-standard","hentry","category-escola-porcel-de-cervera","category-general","category-portada"],"post_mailing_queue_ids":[],"_links":{"self":[{"href":"https:\/\/agora.xtec.cat\/zer-pedrera\/wp-json\/wp\/v2\/posts\/1977","targetHints":{"allow":["GET"]}}],"collection":[{"href":"https:\/\/agora.xtec.cat\/zer-pedrera\/wp-json\/wp\/v2\/posts"}],"about":[{"href":"https:\/\/agora.xtec.cat\/zer-pedrera\/wp-json\/wp\/v2\/types\/post"}],"author":[{"embeddable":true,"href":"https:\/\/agora.xtec.cat\/zer-pedrera\/wp-json\/wp\/v2\/users\/1"}],"replies":[{"embeddable":true,"href":"https:\/\/agora.xtec.cat\/zer-pedrera\/wp-json\/wp\/v2\/comments?post=1977"}],"version-history":[{"count":1,"href":"https:\/\/agora.xtec.cat\/zer-pedrera\/wp-json\/wp\/v2\/posts\/1977\/revisions"}],"predecessor-version":[{"id":1978,"href":"https:\/\/agora.xtec.cat\/zer-pedrera\/wp-json\/wp\/v2\/posts\/1977\/revisions\/1978"}],"wp:attachment":[{"href":"https:\/\/agora.xtec.cat\/zer-pedrera\/wp-json\/wp\/v2\/media?parent=1977"}],"wp:term":[{"taxonomy":"category","embeddable":true,"href":"https:\/\/agora.xtec.cat\/zer-pedrera\/wp-json\/wp\/v2\/categories?post=1977"},{"taxonomy":"post_tag","embeddable":true,"href":"https:\/\/agora.xtec.cat\/zer-pedrera\/wp-json\/wp\/v2\/tags?post=1977"}],"curies":[{"name":"wp","href":"https:\/\/api.w.org\/{rel}","templated":true}]}}