{"id":1968,"date":"2017-12-22T13:32:02","date_gmt":"2017-12-22T12:32:02","guid":{"rendered":"http:\/\/agora.xtec.cat\/zer-pedrera\/?p=1968"},"modified":"2017-12-22T13:32:02","modified_gmt":"2017-12-22T12:32:02","slug":"caga-tio","status":"publish","type":"post","link":"https:\/\/agora.xtec.cat\/zer-pedrera\/general\/caga-tio\/","title":{"rendered":"Caga Ti\u00f3!!!"},"content":{"rendered":"<p>Fa dues setmanes va arribar el nostre Ti\u00f3. Va apar\u00e8ixer als lavabos despr\u00e9s d&#8217;un llarg viatge des de les muntanyes i amb moltes ganes de fer un pip\u00ed.<\/p>\n<p>Li hem donat aliments de tota mena i amb molt de gust s&#8217;ho ha menjat, li hem cantat can\u00e7ons que li alegraven els dies, l&#8217;hem mantingut ben calentet fins al dia d&#8217;avui que, finalment, ens ha cagat molt\u00edssimes coses.<\/p>\n<p>Ara, un dia d&#8217;aquests, agafar\u00e0 el cam\u00ed de tornada cap a les muntanyes i nosaltres, amb aquest bon regust que ens ha deixat, esperarem il\u00b7lusionats la seva arribada el proper mes de desembre.<\/p>\n<p>Ara, ja nom\u00e9s queda acomiadar l&#8217;any i desitjar-nos una bona entrada. Esperem que l&#8217;any vinent vingui ple de bones noves i que davant de les adversitats tinguem la for\u00e7a suficient per combatre-les totes.<\/p>\n<p>Bon Nadal i Feli\u00e7 2018.<\/p>\n<p><a href=\"https:\/\/plus.google.com\/u\/0\/photos\/100282936836565970333\/album\/6502348026604800801\/6502348032569267282?authkey=CLmBlaH_t_vY2AE\">https:\/\/plus.google.com\/u\/0\/photos\/100282936836565970333\/album\/6502348026604800801\/6502348032569267282?authkey=CLmBlaH_t_vY2AE<\/a><\/p>\n","protected":false},"excerpt":{"rendered":"<p>Fa dues setmanes va arribar el nostre Ti\u00f3. Va apar\u00e8ixer als lavabos despr\u00e9s d&#8217;un llarg viatge des de les muntanyes i amb moltes ganes de fer un pip\u00ed.<br \/>\nLi hem donat aliments de tota mena i amb molt de gust s&#8217;ho ha menjat, li hem cantat&hellip;  <a href=\"https:\/\/agora.xtec.cat\/zer-pedrera\/general\/caga-tio\/\" title=\"Read Caga Ti\u00f3!!!\">Llegeix m\u00e9s\u00bb<\/a><\/p>\n","protected":false},"author":1,"featured_media":0,"comment_status":"open","ping_status":"closed","sticky":false,"template":"","format":"standard","meta":{"_bbp_topic_count":0,"_bbp_reply_count":0,"_bbp_total_topic_count":0,"_bbp_total_reply_count":0,"_bbp_voice_count":0,"_bbp_anonymous_reply_count":0,"_bbp_topic_count_hidden":0,"_bbp_reply_count_hidden":0,"_bbp_forum_subforum_count":0,"footnotes":""},"categories":[113,111,1,29,89],"tags":[],"class_list":["post-1968","post","type-post","status-publish","format-standard","hentry","category-e-infantil","category-escola-porcel-de-cervera","category-general","category-portada","category-primaria"],"post_mailing_queue_ids":[],"_links":{"self":[{"href":"https:\/\/agora.xtec.cat\/zer-pedrera\/wp-json\/wp\/v2\/posts\/1968","targetHints":{"allow":["GET"]}}],"collection":[{"href":"https:\/\/agora.xtec.cat\/zer-pedrera\/wp-json\/wp\/v2\/posts"}],"about":[{"href":"https:\/\/agora.xtec.cat\/zer-pedrera\/wp-json\/wp\/v2\/types\/post"}],"author":[{"embeddable":true,"href":"https:\/\/agora.xtec.cat\/zer-pedrera\/wp-json\/wp\/v2\/users\/1"}],"replies":[{"embeddable":true,"href":"https:\/\/agora.xtec.cat\/zer-pedrera\/wp-json\/wp\/v2\/comments?post=1968"}],"version-history":[{"count":1,"href":"https:\/\/agora.xtec.cat\/zer-pedrera\/wp-json\/wp\/v2\/posts\/1968\/revisions"}],"predecessor-version":[{"id":1969,"href":"https:\/\/agora.xtec.cat\/zer-pedrera\/wp-json\/wp\/v2\/posts\/1968\/revisions\/1969"}],"wp:attachment":[{"href":"https:\/\/agora.xtec.cat\/zer-pedrera\/wp-json\/wp\/v2\/media?parent=1968"}],"wp:term":[{"taxonomy":"category","embeddable":true,"href":"https:\/\/agora.xtec.cat\/zer-pedrera\/wp-json\/wp\/v2\/categories?post=1968"},{"taxonomy":"post_tag","embeddable":true,"href":"https:\/\/agora.xtec.cat\/zer-pedrera\/wp-json\/wp\/v2\/tags?post=1968"}],"curies":[{"name":"wp","href":"https:\/\/api.w.org\/{rel}","templated":true}]}}