{"id":1965,"date":"2017-12-19T12:25:15","date_gmt":"2017-12-19T11:25:15","guid":{"rendered":"http:\/\/agora.xtec.cat\/zer-pedrera\/?p=1965"},"modified":"2017-12-19T12:25:15","modified_gmt":"2017-12-19T11:25:15","slug":"calendari-dadvent-queralt","status":"publish","type":"post","link":"https:\/\/agora.xtec.cat\/zer-pedrera\/general\/calendari-dadvent-queralt\/","title":{"rendered":"Calendari d&#8217;advent &#8211; Queralt"},"content":{"rendered":"<p>Avui la Queralt \u00e9s la darrera en llegir l&#8217;endevinalla. Les quatre endevinalles que queden per completar el nostre calendari d&#8217;advent les resoldrem entre tots el proper dia.<\/p>\n<p>L&#8217;endevinalla d&#8217;avui diu aix\u00ed:<\/p>\n<p style=\"text-align: center;\">El dia de reis a la taula<\/p>\n<p style=\"text-align: center;\">no hi puc pas faltar<\/p>\n<p style=\"text-align: center;\">qui se&#8217;m menja pot trobar<\/p>\n<p style=\"text-align: center;\">una sorpresa original<\/p>\n<p style=\"text-align: center;\">en forma de figura o fava<\/p>\n<p style=\"text-align: center;\">que porto ben amagada.<\/p>\n<p style=\"text-align: center;\">Si no sabeu qui s\u00f3c&#8230; aquest any us tocar\u00e0 la fava com al padr\u00ed del Biel, que diu que sempre li toca!!!<\/p>\n<p style=\"text-align: center;\">\n","protected":false},"excerpt":{"rendered":"<p>Avui la Queralt \u00e9s la darrera en llegir l&#8217;endevinalla. Les quatre endevinalles que queden per completar el nostre calendari d&#8217;advent les resoldrem entre tots el proper dia.<br \/>\nL&#8217;endevinalla d&#8217;avui diu aix\u00ed:<br \/>\nEl dia de reis a la taula<br \/>\nno hi puc pas faltar<br \/>\nqui se&#8217;m menja pot trobar<br \/>\nuna sorpresa&hellip;  <a href=\"https:\/\/agora.xtec.cat\/zer-pedrera\/general\/calendari-dadvent-queralt\/\" title=\"Read Calendari d&#8217;advent &#8211; Queralt\">Llegeix m\u00e9s\u00bb<\/a><\/p>\n","protected":false},"author":1,"featured_media":0,"comment_status":"open","ping_status":"closed","sticky":false,"template":"","format":"standard","meta":{"_bbp_topic_count":0,"_bbp_reply_count":0,"_bbp_total_topic_count":0,"_bbp_total_reply_count":0,"_bbp_voice_count":0,"_bbp_anonymous_reply_count":0,"_bbp_topic_count_hidden":0,"_bbp_reply_count_hidden":0,"_bbp_forum_subforum_count":0,"footnotes":""},"categories":[125,111,1,29,89],"tags":[],"class_list":["post-1965","post","type-post","status-publish","format-standard","hentry","category-catala","category-escola-porcel-de-cervera","category-general","category-portada","category-primaria"],"post_mailing_queue_ids":[],"_links":{"self":[{"href":"https:\/\/agora.xtec.cat\/zer-pedrera\/wp-json\/wp\/v2\/posts\/1965","targetHints":{"allow":["GET"]}}],"collection":[{"href":"https:\/\/agora.xtec.cat\/zer-pedrera\/wp-json\/wp\/v2\/posts"}],"about":[{"href":"https:\/\/agora.xtec.cat\/zer-pedrera\/wp-json\/wp\/v2\/types\/post"}],"author":[{"embeddable":true,"href":"https:\/\/agora.xtec.cat\/zer-pedrera\/wp-json\/wp\/v2\/users\/1"}],"replies":[{"embeddable":true,"href":"https:\/\/agora.xtec.cat\/zer-pedrera\/wp-json\/wp\/v2\/comments?post=1965"}],"version-history":[{"count":1,"href":"https:\/\/agora.xtec.cat\/zer-pedrera\/wp-json\/wp\/v2\/posts\/1965\/revisions"}],"predecessor-version":[{"id":1967,"href":"https:\/\/agora.xtec.cat\/zer-pedrera\/wp-json\/wp\/v2\/posts\/1965\/revisions\/1967"}],"wp:attachment":[{"href":"https:\/\/agora.xtec.cat\/zer-pedrera\/wp-json\/wp\/v2\/media?parent=1965"}],"wp:term":[{"taxonomy":"category","embeddable":true,"href":"https:\/\/agora.xtec.cat\/zer-pedrera\/wp-json\/wp\/v2\/categories?post=1965"},{"taxonomy":"post_tag","embeddable":true,"href":"https:\/\/agora.xtec.cat\/zer-pedrera\/wp-json\/wp\/v2\/tags?post=1965"}],"curies":[{"name":"wp","href":"https:\/\/api.w.org\/{rel}","templated":true}]}}