{"id":1905,"date":"2017-12-01T12:37:30","date_gmt":"2017-12-01T11:37:30","guid":{"rendered":"http:\/\/agora.xtec.cat\/zer-pedrera\/?p=1905"},"modified":"2017-12-05T12:15:51","modified_gmt":"2017-12-05T11:15:51","slug":"comencem-el-calendari-dadvent","status":"publish","type":"post","link":"https:\/\/agora.xtec.cat\/zer-pedrera\/general\/comencem-el-calendari-dadvent\/","title":{"rendered":"Comencem el calendari d&#8217;advent!!! &#8211; Joel"},"content":{"rendered":"<p>Avui, dia 1 de desembre, encetem el nostre calendari d&#8217;advent. Aquest any hem decidit fer-lo d&#8217;endevinalles. Per tant, cada dia ens asseurem a la voreta del nostre arbre de Nadal i una nena o un nen diferent cada dia, agafar\u00e0 de dins d&#8217;un mitjonet dels que pengen de l&#8217;arbre una endevinalla.<\/p>\n<p>Qui ser\u00e0 capa\u00e7 d&#8217;encertar-la? Al final penjarem totes les fotografies.<\/p>\n<p>A m\u00e9s, cada dia us les escriurem aqu\u00ed a veure si vosaltres, des de casa, tamb\u00e9 sou capa\u00e7os d&#8217;endevinar-la!!!<\/p>\n<p>Molta sort fam\u00edlies!!!<\/p>\n<p>Avui li ha tocat&#8230; al Joel!!! I la seva endevinalla deia aix\u00ed:<\/p>\n<p style=\"text-align: center;\">Pelut per fora,<\/p>\n<p style=\"text-align: center;\">pelat per dins,<\/p>\n<p style=\"text-align: center;\">a l&#8217;hivern cerca&#8217;m,<\/p>\n<p style=\"text-align: center;\">mai a l&#8217;estiu.<\/p>\n<p style=\"text-align: center;\">Tinc dos bra\u00e7os<\/p>\n<p style=\"text-align: center;\">per\u00f2 mans no en tinc.<\/p>\n<p style=\"text-align: center;\">Qu\u00e8 s\u00f3c?<\/p>\n<p style=\"text-align: left;\">\n","protected":false},"excerpt":{"rendered":"<p>Avui, dia 1 de desembre, encetem el nostre calendari d&#8217;advent. Aquest any hem decidit fer-lo d&#8217;endevinalles. Per tant, cada dia ens asseurem a la voreta del nostre arbre de Nadal i una nena o un nen diferent cada dia, agafar\u00e0 de dins d&#8217;un mitjonet dels&hellip;  <a href=\"https:\/\/agora.xtec.cat\/zer-pedrera\/general\/comencem-el-calendari-dadvent\/\" title=\"Read Comencem el calendari d&#8217;advent!!! &#8211; Joel\">Llegeix m\u00e9s\u00bb<\/a><\/p>\n","protected":false},"author":1,"featured_media":0,"comment_status":"open","ping_status":"closed","sticky":false,"template":"","format":"standard","meta":{"_bbp_topic_count":0,"_bbp_reply_count":0,"_bbp_total_topic_count":0,"_bbp_total_reply_count":0,"_bbp_voice_count":0,"_bbp_anonymous_reply_count":0,"_bbp_topic_count_hidden":0,"_bbp_reply_count_hidden":0,"_bbp_forum_subforum_count":0,"footnotes":""},"categories":[125,111,1,29,121,122],"tags":[],"class_list":["post-1905","post","type-post","status-publish","format-standard","hentry","category-catala","category-escola-porcel-de-cervera","category-general","category-portada","category-religio","category-valors"],"post_mailing_queue_ids":[],"_links":{"self":[{"href":"https:\/\/agora.xtec.cat\/zer-pedrera\/wp-json\/wp\/v2\/posts\/1905","targetHints":{"allow":["GET"]}}],"collection":[{"href":"https:\/\/agora.xtec.cat\/zer-pedrera\/wp-json\/wp\/v2\/posts"}],"about":[{"href":"https:\/\/agora.xtec.cat\/zer-pedrera\/wp-json\/wp\/v2\/types\/post"}],"author":[{"embeddable":true,"href":"https:\/\/agora.xtec.cat\/zer-pedrera\/wp-json\/wp\/v2\/users\/1"}],"replies":[{"embeddable":true,"href":"https:\/\/agora.xtec.cat\/zer-pedrera\/wp-json\/wp\/v2\/comments?post=1905"}],"version-history":[{"count":2,"href":"https:\/\/agora.xtec.cat\/zer-pedrera\/wp-json\/wp\/v2\/posts\/1905\/revisions"}],"predecessor-version":[{"id":1922,"href":"https:\/\/agora.xtec.cat\/zer-pedrera\/wp-json\/wp\/v2\/posts\/1905\/revisions\/1922"}],"wp:attachment":[{"href":"https:\/\/agora.xtec.cat\/zer-pedrera\/wp-json\/wp\/v2\/media?parent=1905"}],"wp:term":[{"taxonomy":"category","embeddable":true,"href":"https:\/\/agora.xtec.cat\/zer-pedrera\/wp-json\/wp\/v2\/categories?post=1905"},{"taxonomy":"post_tag","embeddable":true,"href":"https:\/\/agora.xtec.cat\/zer-pedrera\/wp-json\/wp\/v2\/tags?post=1905"}],"curies":[{"name":"wp","href":"https:\/\/api.w.org\/{rel}","templated":true}]}}