{"id":1896,"date":"2017-10-31T12:28:44","date_gmt":"2017-10-31T11:28:44","guid":{"rendered":"http:\/\/agora.xtec.cat\/zer-pedrera\/?p=1896"},"modified":"2017-10-31T12:28:44","modified_gmt":"2017-10-31T11:28:44","slug":"aniversari-de-la-sonia","status":"publish","type":"post","link":"https:\/\/agora.xtec.cat\/zer-pedrera\/general\/aniversari-de-la-sonia\/","title":{"rendered":"Aniversari de la S\u00f2nia!!!"},"content":{"rendered":"<p>Avui hem celebrat l&#8217;aniversari de la S\u00f2nia!!! Li hem fet, tal i com mana la tradici\u00f3, 8 estirades d&#8217;orella.<\/p>\n<p>Ens ha convidat a esmorzar\u00a0unes madalenes bon\u00edssimes (fins i tot hem pogut repetir!!!) i a uns panetones enooooormes!!!\u00a0mmmmm, estava tot bon\u00edssim.<\/p>\n<p>Gr\u00e0cies S\u00f2nia!!! Gaudeix del teu aniversari!!! Per molt anys!!!<\/p>\n<p><a href=\"https:\/\/plus.google.com\/u\/0\/photos\/100282936836565970333\/album\/6483035109788374017\/6483035109928296562?authkey=CIXQyPuTyImucw\">https:\/\/plus.google.com\/u\/0\/photos\/100282936836565970333\/album\/6483035109788374017\/6483035109928296562?authkey=CIXQyPuTyImucw<\/a><\/p>\n","protected":false},"excerpt":{"rendered":"<p>Avui hem celebrat l&#8217;aniversari de la S\u00f2nia!!! Li hem fet, tal i com mana la tradici\u00f3, 8 estirades d&#8217;orella.<br \/>\nEns ha convidat a esmorzar\u00a0unes madalenes bon\u00edssimes (fins i tot hem pogut repetir!!!) i a uns panetones enooooormes!!!\u00a0mmmmm, estava tot bon\u00edssim.<br \/>\nGr\u00e0cies S\u00f2nia!!! Gaudeix del teu aniversari!!! Per&hellip;  <a href=\"https:\/\/agora.xtec.cat\/zer-pedrera\/general\/aniversari-de-la-sonia\/\" title=\"Read Aniversari de la S\u00f2nia!!!\">Llegeix m\u00e9s\u00bb<\/a><\/p>\n","protected":false},"author":1,"featured_media":0,"comment_status":"open","ping_status":"closed","sticky":false,"template":"","format":"standard","meta":{"_bbp_topic_count":0,"_bbp_reply_count":0,"_bbp_total_topic_count":0,"_bbp_total_reply_count":0,"_bbp_voice_count":0,"_bbp_anonymous_reply_count":0,"_bbp_topic_count_hidden":0,"_bbp_reply_count_hidden":0,"_bbp_forum_subforum_count":0,"footnotes":""},"categories":[111,1,29],"tags":[],"class_list":["post-1896","post","type-post","status-publish","format-standard","hentry","category-escola-porcel-de-cervera","category-general","category-portada"],"post_mailing_queue_ids":[],"_links":{"self":[{"href":"https:\/\/agora.xtec.cat\/zer-pedrera\/wp-json\/wp\/v2\/posts\/1896","targetHints":{"allow":["GET"]}}],"collection":[{"href":"https:\/\/agora.xtec.cat\/zer-pedrera\/wp-json\/wp\/v2\/posts"}],"about":[{"href":"https:\/\/agora.xtec.cat\/zer-pedrera\/wp-json\/wp\/v2\/types\/post"}],"author":[{"embeddable":true,"href":"https:\/\/agora.xtec.cat\/zer-pedrera\/wp-json\/wp\/v2\/users\/1"}],"replies":[{"embeddable":true,"href":"https:\/\/agora.xtec.cat\/zer-pedrera\/wp-json\/wp\/v2\/comments?post=1896"}],"version-history":[{"count":1,"href":"https:\/\/agora.xtec.cat\/zer-pedrera\/wp-json\/wp\/v2\/posts\/1896\/revisions"}],"predecessor-version":[{"id":1898,"href":"https:\/\/agora.xtec.cat\/zer-pedrera\/wp-json\/wp\/v2\/posts\/1896\/revisions\/1898"}],"wp:attachment":[{"href":"https:\/\/agora.xtec.cat\/zer-pedrera\/wp-json\/wp\/v2\/media?parent=1896"}],"wp:term":[{"taxonomy":"category","embeddable":true,"href":"https:\/\/agora.xtec.cat\/zer-pedrera\/wp-json\/wp\/v2\/categories?post=1896"},{"taxonomy":"post_tag","embeddable":true,"href":"https:\/\/agora.xtec.cat\/zer-pedrera\/wp-json\/wp\/v2\/tags?post=1896"}],"curies":[{"name":"wp","href":"https:\/\/api.w.org\/{rel}","templated":true}]}}