{"id":1878,"date":"2017-10-19T09:53:44","date_gmt":"2017-10-19T07:53:44","guid":{"rendered":"http:\/\/agora.xtec.cat\/zer-pedrera\/?p=1878"},"modified":"2017-10-19T09:53:44","modified_gmt":"2017-10-19T07:53:44","slug":"apadrinament-lector","status":"publish","type":"post","link":"https:\/\/agora.xtec.cat\/zer-pedrera\/general\/apadrinament-lector\/","title":{"rendered":"Apadrinament lector"},"content":{"rendered":"<p>Ahir vam iniciar l&#8217;apadrinament lector i els m\u00e9s grans de la casa van ajudar, il\u00b7lusionats, als m\u00e9s menuts. Els van explicar contes, els van fer llegir i el m\u00e9s important de tot, els van fer veure que amb la lectura tamb\u00e9 ens ho podem passar b\u00e9.<\/p>\n<p>Llegir ens fa grans!!!<\/p>\n<p><a href=\"https:\/\/plus.google.com\/u\/0\/photos\/100282936836565970333\/album\/6478526805143302289\/6478526804692985170?authkey=CIK9kNCGj6yOUA\">https:\/\/plus.google.com\/u\/0\/photos\/100282936836565970333\/album\/6478526805143302289\/6478526804692985170?authkey=CIK9kNCGj6yOUA<\/a><\/p>\n","protected":false},"excerpt":{"rendered":"<p>Ahir vam iniciar l&#8217;apadrinament lector i els m\u00e9s grans de la casa van ajudar, il\u00b7lusionats, als m\u00e9s menuts. Els van explicar contes, els van fer llegir i el m\u00e9s important de tot, els van fer veure que amb la lectura tamb\u00e9 ens ho podem passar&hellip;  <a href=\"https:\/\/agora.xtec.cat\/zer-pedrera\/general\/apadrinament-lector\/\" title=\"Read Apadrinament lector\">Llegeix m\u00e9s\u00bb<\/a><\/p>\n","protected":false},"author":1,"featured_media":0,"comment_status":"open","ping_status":"closed","sticky":false,"template":"","format":"standard","meta":{"_bbp_topic_count":0,"_bbp_reply_count":0,"_bbp_total_topic_count":0,"_bbp_total_reply_count":0,"_bbp_voice_count":0,"_bbp_anonymous_reply_count":0,"_bbp_topic_count_hidden":0,"_bbp_reply_count_hidden":0,"_bbp_forum_subforum_count":0,"footnotes":""},"categories":[111,1,29,120],"tags":[],"class_list":["post-1878","post","type-post","status-publish","format-standard","hentry","category-escola-porcel-de-cervera","category-general","category-portada","category-projectes"],"post_mailing_queue_ids":[],"_links":{"self":[{"href":"https:\/\/agora.xtec.cat\/zer-pedrera\/wp-json\/wp\/v2\/posts\/1878","targetHints":{"allow":["GET"]}}],"collection":[{"href":"https:\/\/agora.xtec.cat\/zer-pedrera\/wp-json\/wp\/v2\/posts"}],"about":[{"href":"https:\/\/agora.xtec.cat\/zer-pedrera\/wp-json\/wp\/v2\/types\/post"}],"author":[{"embeddable":true,"href":"https:\/\/agora.xtec.cat\/zer-pedrera\/wp-json\/wp\/v2\/users\/1"}],"replies":[{"embeddable":true,"href":"https:\/\/agora.xtec.cat\/zer-pedrera\/wp-json\/wp\/v2\/comments?post=1878"}],"version-history":[{"count":1,"href":"https:\/\/agora.xtec.cat\/zer-pedrera\/wp-json\/wp\/v2\/posts\/1878\/revisions"}],"predecessor-version":[{"id":1879,"href":"https:\/\/agora.xtec.cat\/zer-pedrera\/wp-json\/wp\/v2\/posts\/1878\/revisions\/1879"}],"wp:attachment":[{"href":"https:\/\/agora.xtec.cat\/zer-pedrera\/wp-json\/wp\/v2\/media?parent=1878"}],"wp:term":[{"taxonomy":"category","embeddable":true,"href":"https:\/\/agora.xtec.cat\/zer-pedrera\/wp-json\/wp\/v2\/categories?post=1878"},{"taxonomy":"post_tag","embeddable":true,"href":"https:\/\/agora.xtec.cat\/zer-pedrera\/wp-json\/wp\/v2\/tags?post=1878"}],"curies":[{"name":"wp","href":"https:\/\/api.w.org\/{rel}","templated":true}]}}