{"id":1876,"date":"2017-10-18T11:55:29","date_gmt":"2017-10-18T09:55:29","guid":{"rendered":"http:\/\/agora.xtec.cat\/zer-pedrera\/?p=1876"},"modified":"2017-10-18T11:55:29","modified_gmt":"2017-10-18T09:55:29","slug":"aniversari-aliona","status":"publish","type":"post","link":"https:\/\/agora.xtec.cat\/zer-pedrera\/general\/aniversari-aliona\/","title":{"rendered":"Aniversari Aliona!!!"},"content":{"rendered":"<p>Avui l&#8217;Aliona fa 6 anys!!! Per a celebrar-ho ens ha convidat a coca amb xocolata i despr\u00e9s de cantar-li la can\u00e7\u00f3 li hem estirat les orelles.<\/p>\n<p>Per molts anys Aliona!!!<\/p>\n<p><a href=\"https:\/\/plus.google.com\/u\/0\/photos\/100282936836565970333\/album\/6478186356041146081\/6478186354269496450?authkey=CP_s3KTTzJnx7wE\">https:\/\/plus.google.com\/u\/0\/photos\/100282936836565970333\/album\/6478186356041146081\/6478186354269496450?authkey=CP_s3KTTzJnx7wE<\/a><\/p>\n","protected":false},"excerpt":{"rendered":"<p>Avui l&#8217;Aliona fa 6 anys!!! Per a celebrar-ho ens ha convidat a coca amb xocolata i despr\u00e9s de cantar-li la can\u00e7\u00f3 li hem estirat les orelles.<br \/>\nPer molts anys Aliona!!!<br \/>\n<a href=\"https:\/\/plus.google.com\/u\/0\/photos\/100282936836565970333\/album\/6478186356041146081\/6478186354269496450?authkey=CP_s3KTTzJnx7wE\">https:\/\/plus.google.com\/u\/0\/photos\/100282936836565970333\/album\/6478186356041146081\/6478186354269496450?authkey=CP_s3KTTzJnx7wE<\/a><\/p>\n","protected":false},"author":1,"featured_media":0,"comment_status":"open","ping_status":"closed","sticky":false,"template":"","format":"standard","meta":{"_bbp_topic_count":0,"_bbp_reply_count":0,"_bbp_total_topic_count":0,"_bbp_total_reply_count":0,"_bbp_voice_count":0,"_bbp_anonymous_reply_count":0,"_bbp_topic_count_hidden":0,"_bbp_reply_count_hidden":0,"_bbp_forum_subforum_count":0,"footnotes":""},"categories":[111,1,29],"tags":[],"class_list":["post-1876","post","type-post","status-publish","format-standard","hentry","category-escola-porcel-de-cervera","category-general","category-portada"],"post_mailing_queue_ids":[],"_links":{"self":[{"href":"https:\/\/agora.xtec.cat\/zer-pedrera\/wp-json\/wp\/v2\/posts\/1876","targetHints":{"allow":["GET"]}}],"collection":[{"href":"https:\/\/agora.xtec.cat\/zer-pedrera\/wp-json\/wp\/v2\/posts"}],"about":[{"href":"https:\/\/agora.xtec.cat\/zer-pedrera\/wp-json\/wp\/v2\/types\/post"}],"author":[{"embeddable":true,"href":"https:\/\/agora.xtec.cat\/zer-pedrera\/wp-json\/wp\/v2\/users\/1"}],"replies":[{"embeddable":true,"href":"https:\/\/agora.xtec.cat\/zer-pedrera\/wp-json\/wp\/v2\/comments?post=1876"}],"version-history":[{"count":1,"href":"https:\/\/agora.xtec.cat\/zer-pedrera\/wp-json\/wp\/v2\/posts\/1876\/revisions"}],"predecessor-version":[{"id":1877,"href":"https:\/\/agora.xtec.cat\/zer-pedrera\/wp-json\/wp\/v2\/posts\/1876\/revisions\/1877"}],"wp:attachment":[{"href":"https:\/\/agora.xtec.cat\/zer-pedrera\/wp-json\/wp\/v2\/media?parent=1876"}],"wp:term":[{"taxonomy":"category","embeddable":true,"href":"https:\/\/agora.xtec.cat\/zer-pedrera\/wp-json\/wp\/v2\/categories?post=1876"},{"taxonomy":"post_tag","embeddable":true,"href":"https:\/\/agora.xtec.cat\/zer-pedrera\/wp-json\/wp\/v2\/tags?post=1876"}],"curies":[{"name":"wp","href":"https:\/\/api.w.org\/{rel}","templated":true}]}}