{"id":1874,"date":"2017-10-17T12:46:02","date_gmt":"2017-10-17T10:46:02","guid":{"rendered":"http:\/\/agora.xtec.cat\/zer-pedrera\/?p=1874"},"modified":"2017-10-17T12:47:22","modified_gmt":"2017-10-17T10:47:22","slug":"el-nostre-hort-entra-en-funcionament","status":"publish","type":"post","link":"https:\/\/agora.xtec.cat\/zer-pedrera\/general\/el-nostre-hort-entra-en-funcionament\/","title":{"rendered":"El nostre hort entra en funcionament!!!"},"content":{"rendered":"<p>Des d&#8217;inici de curs hem estat treballant la terra. Primer va venir el pare de l&#8217;Anna i de la Maria a aixecar la terra\u00a0i ens va portar 3 sacs de femta.\u00a0Despr\u00e9s\u00a0vam preparar la terra amb les aixades, esmicolant els terrossos de terra, retirant les restes vegetals i treient les pedres grans i per \u00faltim vam reomplir l&#8217;hort de terrafem.<\/p>\n<p>La darrera sessi\u00f3 vam poder, finalment, comen\u00e7ar a sembrar. Hem decidit comen\u00e7ar per les pastanagues i els espinacs.<\/p>\n<p><a href=\"https:\/\/plus.google.com\/u\/0\/photos\/100282936836565970333\/album\/6477825166820631649\/6477825168880876882?authkey=CKDp6q2TnOzaWw\">https:\/\/plus.google.com\/u\/0\/photos\/100282936836565970333\/album\/6477825166820631649\/6477825168880876882?authkey=CKDp6q2TnOzaWw<\/a><\/p>\n","protected":false},"excerpt":{"rendered":"<p>Des d&#8217;inici de curs hem estat treballant la terra. Primer va venir el pare de l&#8217;Anna i de la Maria a aixecar la terra\u00a0i ens va portar 3 sacs de femta.\u00a0Despr\u00e9s\u00a0vam preparar la terra amb les aixades, esmicolant els terrossos de terra, retirant les restes&hellip;  <a href=\"https:\/\/agora.xtec.cat\/zer-pedrera\/general\/el-nostre-hort-entra-en-funcionament\/\" title=\"Read El nostre hort entra en funcionament!!!\">Llegeix m\u00e9s\u00bb<\/a><\/p>\n","protected":false},"author":1,"featured_media":0,"comment_status":"open","ping_status":"closed","sticky":false,"template":"","format":"standard","meta":{"_bbp_topic_count":0,"_bbp_reply_count":0,"_bbp_total_topic_count":0,"_bbp_total_reply_count":0,"_bbp_voice_count":0,"_bbp_anonymous_reply_count":0,"_bbp_topic_count_hidden":0,"_bbp_reply_count_hidden":0,"_bbp_forum_subforum_count":0,"footnotes":""},"categories":[111,1,114,29],"tags":[],"class_list":["post-1874","post","type-post","status-publish","format-standard","hentry","category-escola-porcel-de-cervera","category-general","category-hort","category-portada"],"post_mailing_queue_ids":[],"_links":{"self":[{"href":"https:\/\/agora.xtec.cat\/zer-pedrera\/wp-json\/wp\/v2\/posts\/1874","targetHints":{"allow":["GET"]}}],"collection":[{"href":"https:\/\/agora.xtec.cat\/zer-pedrera\/wp-json\/wp\/v2\/posts"}],"about":[{"href":"https:\/\/agora.xtec.cat\/zer-pedrera\/wp-json\/wp\/v2\/types\/post"}],"author":[{"embeddable":true,"href":"https:\/\/agora.xtec.cat\/zer-pedrera\/wp-json\/wp\/v2\/users\/1"}],"replies":[{"embeddable":true,"href":"https:\/\/agora.xtec.cat\/zer-pedrera\/wp-json\/wp\/v2\/comments?post=1874"}],"version-history":[{"count":1,"href":"https:\/\/agora.xtec.cat\/zer-pedrera\/wp-json\/wp\/v2\/posts\/1874\/revisions"}],"predecessor-version":[{"id":1875,"href":"https:\/\/agora.xtec.cat\/zer-pedrera\/wp-json\/wp\/v2\/posts\/1874\/revisions\/1875"}],"wp:attachment":[{"href":"https:\/\/agora.xtec.cat\/zer-pedrera\/wp-json\/wp\/v2\/media?parent=1874"}],"wp:term":[{"taxonomy":"category","embeddable":true,"href":"https:\/\/agora.xtec.cat\/zer-pedrera\/wp-json\/wp\/v2\/categories?post=1874"},{"taxonomy":"post_tag","embeddable":true,"href":"https:\/\/agora.xtec.cat\/zer-pedrera\/wp-json\/wp\/v2\/tags?post=1874"}],"curies":[{"name":"wp","href":"https:\/\/api.w.org\/{rel}","templated":true}]}}