{"id":1858,"date":"2017-10-02T13:47:08","date_gmt":"2017-10-02T11:47:08","guid":{"rendered":"http:\/\/agora.xtec.cat\/zer-pedrera\/?p=1858"},"modified":"2017-10-04T12:13:43","modified_gmt":"2017-10-04T10:13:43","slug":"els-alumnes-de-6e-marxen-de-colonies","status":"publish","type":"post","link":"https:\/\/agora.xtec.cat\/zer-pedrera\/general\/els-alumnes-de-6e-marxen-de-colonies\/","title":{"rendered":"Els alumnes de 6\u00e8 marxen de col\u00f2nies!!!"},"content":{"rendered":"<p>Avui, els nostres alumnes de sis\u00e8, s&#8217;han llevat molt contents perqu\u00e8 durant tres dies marxen de col\u00f2nies d&#8217;angl\u00e8s a l&#8217;Espluga de Francol\u00ed. Les seves cares ho resumeixen tot. Tota l&#8217;escola hem sortit a acomiadar-los!!!<\/p>\n<p>Gaudiu molt d&#8217;aquests dies, apreneu moltes coses i a la tornada ens ho expliqueu tot molt ben detallat!!!<\/p>\n<p>See you soon!!<\/p>\n<p>En aquest enlla\u00e7 hi podreu trobar unes imatges del primer dia&#8230;.<\/p>\n<p><a href=\"https:\/\/plus.google.com\/u\/0\/100282936836565970333\/posts\/GE6T9Yh5d95\">https:\/\/plus.google.com\/u\/0\/100282936836565970333\/posts\/GE6T9Yh5d95<\/a><\/p>\n<p><a href=\"https:\/\/plus.google.com\/u\/0\/100282936836565970333\/posts\/HGpPBvRXuHD\">https:\/\/plus.google.com\/u\/0\/100282936836565970333\/posts\/HGpPBvRXuHD<\/a><\/p>\n","protected":false},"excerpt":{"rendered":"<p>Avui, els nostres alumnes de sis\u00e8, s&#8217;han llevat molt contents perqu\u00e8 durant tres dies marxen de col\u00f2nies d&#8217;angl\u00e8s a l&#8217;Espluga de Francol\u00ed. Les seves cares ho resumeixen tot. Tota l&#8217;escola hem sortit a acomiadar-los!!!<br \/>\nGaudiu molt d&#8217;aquests dies, apreneu moltes coses i a la tornada ens&hellip;  <a href=\"https:\/\/agora.xtec.cat\/zer-pedrera\/general\/els-alumnes-de-6e-marxen-de-colonies\/\" title=\"Read Els alumnes de 6\u00e8 marxen de col\u00f2nies!!!\">Llegeix m\u00e9s\u00bb<\/a><\/p>\n","protected":false},"author":1,"featured_media":0,"comment_status":"open","ping_status":"closed","sticky":false,"template":"","format":"standard","meta":{"_bbp_topic_count":0,"_bbp_reply_count":0,"_bbp_total_topic_count":0,"_bbp_total_reply_count":0,"_bbp_voice_count":0,"_bbp_anonymous_reply_count":0,"_bbp_topic_count_hidden":0,"_bbp_reply_count_hidden":0,"_bbp_forum_subforum_count":0,"footnotes":""},"categories":[123,111,1,29,89],"tags":[],"class_list":["post-1858","post","type-post","status-publish","format-standard","hentry","category-angles","category-escola-porcel-de-cervera","category-general","category-portada","category-primaria"],"post_mailing_queue_ids":[],"_links":{"self":[{"href":"https:\/\/agora.xtec.cat\/zer-pedrera\/wp-json\/wp\/v2\/posts\/1858","targetHints":{"allow":["GET"]}}],"collection":[{"href":"https:\/\/agora.xtec.cat\/zer-pedrera\/wp-json\/wp\/v2\/posts"}],"about":[{"href":"https:\/\/agora.xtec.cat\/zer-pedrera\/wp-json\/wp\/v2\/types\/post"}],"author":[{"embeddable":true,"href":"https:\/\/agora.xtec.cat\/zer-pedrera\/wp-json\/wp\/v2\/users\/1"}],"replies":[{"embeddable":true,"href":"https:\/\/agora.xtec.cat\/zer-pedrera\/wp-json\/wp\/v2\/comments?post=1858"}],"version-history":[{"count":3,"href":"https:\/\/agora.xtec.cat\/zer-pedrera\/wp-json\/wp\/v2\/posts\/1858\/revisions"}],"predecessor-version":[{"id":1868,"href":"https:\/\/agora.xtec.cat\/zer-pedrera\/wp-json\/wp\/v2\/posts\/1858\/revisions\/1868"}],"wp:attachment":[{"href":"https:\/\/agora.xtec.cat\/zer-pedrera\/wp-json\/wp\/v2\/media?parent=1858"}],"wp:term":[{"taxonomy":"category","embeddable":true,"href":"https:\/\/agora.xtec.cat\/zer-pedrera\/wp-json\/wp\/v2\/categories?post=1858"},{"taxonomy":"post_tag","embeddable":true,"href":"https:\/\/agora.xtec.cat\/zer-pedrera\/wp-json\/wp\/v2\/tags?post=1858"}],"curies":[{"name":"wp","href":"https:\/\/api.w.org\/{rel}","templated":true}]}}