{"id":1850,"date":"2017-09-27T12:04:23","date_gmt":"2017-09-27T10:04:23","guid":{"rendered":"http:\/\/agora.xtec.cat\/zer-pedrera\/?p=1850"},"modified":"2017-10-04T12:54:54","modified_gmt":"2017-10-04T10:54:54","slug":"fem-truita-de-patates","status":"publish","type":"post","link":"https:\/\/agora.xtec.cat\/zer-pedrera\/general\/fem-truita-de-patates\/","title":{"rendered":"Fem truita de patates!!!"},"content":{"rendered":"<p>Els nens i les nenes de cicle mitj\u00e0 i cicle superior vam collir patates de l&#8217;hort. Entre tots vam decidir que far\u00edem truita de patates.<\/p>\n<p>Primer vam pensar quins ingredients necessit\u00e0vem, despr\u00e9s vam anar al Disbo a comprar i vam encomanar el pa per a l&#8217;endem\u00e0.<\/p>\n<p>L&#8217;endem\u00e0 vam agafar els ingredients i vam comen\u00e7ar a cuinar. Els m\u00e9s petits tamb\u00e9 van col\u00b7laborar sucant el pa amb tom\u00e0quet.<\/p>\n<p>Ens va quedar un esmorzar bon\u00edssim, vam repetir tantes vegades que la majoria no vam dinar.<\/p>\n<p>&nbsp;<\/p>\n<p><a href=\"https:\/\/photos.google.com\/photo\/AF1QipNpWCWGiCx9LCmBE51Hjlf4Ik4HVAYHrKaq3Xwf\">https:\/\/photos.google.com\/photo\/AF1QipNpWCWGiCx9LCmBE51Hjlf4Ik4HVAYHrKaq3Xwf<\/a><\/p>\n<p>&nbsp;<\/p>\n<p>&nbsp;<\/p>\n","protected":false},"excerpt":{"rendered":"<p>Els nens i les nenes de cicle mitj\u00e0 i cicle superior vam collir patates de l&#8217;hort. Entre tots vam decidir que far\u00edem truita de patates.<br \/>\nPrimer vam pensar quins ingredients necessit\u00e0vem, despr\u00e9s vam anar al Disbo a comprar i vam encomanar el pa per a l&#8217;endem\u00e0.<br \/>\nL&#8217;endem\u00e0&hellip;  <a href=\"https:\/\/agora.xtec.cat\/zer-pedrera\/general\/fem-truita-de-patates\/\" title=\"Read Fem truita de patates!!!\">Llegeix m\u00e9s\u00bb<\/a><\/p>\n","protected":false},"author":1,"featured_media":0,"comment_status":"open","ping_status":"closed","sticky":false,"template":"","format":"standard","meta":{"_bbp_topic_count":0,"_bbp_reply_count":0,"_bbp_total_topic_count":0,"_bbp_total_reply_count":0,"_bbp_voice_count":0,"_bbp_anonymous_reply_count":0,"_bbp_topic_count_hidden":0,"_bbp_reply_count_hidden":0,"_bbp_forum_subforum_count":0,"footnotes":""},"categories":[111,1,114,29],"tags":[],"class_list":["post-1850","post","type-post","status-publish","format-standard","hentry","category-escola-porcel-de-cervera","category-general","category-hort","category-portada"],"post_mailing_queue_ids":[],"_links":{"self":[{"href":"https:\/\/agora.xtec.cat\/zer-pedrera\/wp-json\/wp\/v2\/posts\/1850","targetHints":{"allow":["GET"]}}],"collection":[{"href":"https:\/\/agora.xtec.cat\/zer-pedrera\/wp-json\/wp\/v2\/posts"}],"about":[{"href":"https:\/\/agora.xtec.cat\/zer-pedrera\/wp-json\/wp\/v2\/types\/post"}],"author":[{"embeddable":true,"href":"https:\/\/agora.xtec.cat\/zer-pedrera\/wp-json\/wp\/v2\/users\/1"}],"replies":[{"embeddable":true,"href":"https:\/\/agora.xtec.cat\/zer-pedrera\/wp-json\/wp\/v2\/comments?post=1850"}],"version-history":[{"count":3,"href":"https:\/\/agora.xtec.cat\/zer-pedrera\/wp-json\/wp\/v2\/posts\/1850\/revisions"}],"predecessor-version":[{"id":1871,"href":"https:\/\/agora.xtec.cat\/zer-pedrera\/wp-json\/wp\/v2\/posts\/1850\/revisions\/1871"}],"wp:attachment":[{"href":"https:\/\/agora.xtec.cat\/zer-pedrera\/wp-json\/wp\/v2\/media?parent=1850"}],"wp:term":[{"taxonomy":"category","embeddable":true,"href":"https:\/\/agora.xtec.cat\/zer-pedrera\/wp-json\/wp\/v2\/categories?post=1850"},{"taxonomy":"post_tag","embeddable":true,"href":"https:\/\/agora.xtec.cat\/zer-pedrera\/wp-json\/wp\/v2\/tags?post=1850"}],"curies":[{"name":"wp","href":"https:\/\/api.w.org\/{rel}","templated":true}]}}