{"id":1376,"date":"2016-05-04T19:54:50","date_gmt":"2016-05-04T17:54:50","guid":{"rendered":"http:\/\/blocs.xtec.cat\/zerpedrera2\/?p=1376"},"modified":"2016-05-04T19:54:50","modified_gmt":"2016-05-04T17:54:50","slug":"hort-escolar","status":"publish","type":"post","link":"https:\/\/agora.xtec.cat\/zer-pedrera\/general\/hort-escolar\/","title":{"rendered":"HORT ESCOLAR"},"content":{"rendered":"<p style=\"text-align: justify;\"><span style=\"font-size: medium;\">Aquest curs, a l&#8217;escola Abat Ruera, hem iniciat un hort diferent al que hav\u00edem tingut anteriorment: un hort a terra! Primerament, hem tret la terra que hi havia als palets vells \u00a0i \u00a0juntament \u00a0amb \u00a0terra \u00a0nova \u00a0i \u00a0adob \u00a0hem \u00a0traslladat \u00a0el \u00a0nostre \u00a0 hort \u00a0a \u00a0terra. A continuaci\u00f3 hem fet els cavallons, i un cop aplanats amb els nostres peus, hem plantat pebrots, alberg\u00ednies, pastanagues, tom\u00e0quets, mongetes, enciams, coliflors, br\u00f2quils, patates, cebes, cols, maduixes i raves. Algunes hortalisses ja han comen\u00e7at a brotar! Esperem poder collir ben aviat!<\/span><\/p>\n\n","protected":false},"excerpt":{"rendered":"<p>Aquest curs, a l&#8217;escola Abat Ruera, hem iniciat un hort diferent al que hav\u00edem tingut anteriorment: un hort a terra! Primerament, hem tret la terra que hi havia als palets vells \u00a0i \u00a0juntament \u00a0amb \u00a0terra \u00a0nova \u00a0i \u00a0adob \u00a0hem \u00a0traslladat \u00a0el \u00a0nostre \u00a0 hort \u00a0a&hellip;  <a href=\"https:\/\/agora.xtec.cat\/zer-pedrera\/general\/hort-escolar\/\" title=\"Read HORT ESCOLAR\">Llegeix m\u00e9s\u00bb<\/a><\/p>\n","protected":false},"author":1,"featured_media":0,"comment_status":"open","ping_status":"open","sticky":false,"template":"","format":"standard","meta":{"_bbp_topic_count":0,"_bbp_reply_count":0,"_bbp_total_topic_count":0,"_bbp_total_reply_count":0,"_bbp_voice_count":0,"_bbp_anonymous_reply_count":0,"_bbp_topic_count_hidden":0,"_bbp_reply_count_hidden":0,"_bbp_forum_subforum_count":0,"footnotes":""},"categories":[110,1,114],"tags":[],"class_list":["post-1376","post","type-post","status-publish","format-standard","hentry","category-escola-abat-ruera","category-general","category-hort"],"post_mailing_queue_ids":[],"_links":{"self":[{"href":"https:\/\/agora.xtec.cat\/zer-pedrera\/wp-json\/wp\/v2\/posts\/1376","targetHints":{"allow":["GET"]}}],"collection":[{"href":"https:\/\/agora.xtec.cat\/zer-pedrera\/wp-json\/wp\/v2\/posts"}],"about":[{"href":"https:\/\/agora.xtec.cat\/zer-pedrera\/wp-json\/wp\/v2\/types\/post"}],"author":[{"embeddable":true,"href":"https:\/\/agora.xtec.cat\/zer-pedrera\/wp-json\/wp\/v2\/users\/1"}],"replies":[{"embeddable":true,"href":"https:\/\/agora.xtec.cat\/zer-pedrera\/wp-json\/wp\/v2\/comments?post=1376"}],"version-history":[{"count":0,"href":"https:\/\/agora.xtec.cat\/zer-pedrera\/wp-json\/wp\/v2\/posts\/1376\/revisions"}],"wp:attachment":[{"href":"https:\/\/agora.xtec.cat\/zer-pedrera\/wp-json\/wp\/v2\/media?parent=1376"}],"wp:term":[{"taxonomy":"category","embeddable":true,"href":"https:\/\/agora.xtec.cat\/zer-pedrera\/wp-json\/wp\/v2\/categories?post=1376"},{"taxonomy":"post_tag","embeddable":true,"href":"https:\/\/agora.xtec.cat\/zer-pedrera\/wp-json\/wp\/v2\/tags?post=1376"}],"curies":[{"name":"wp","href":"https:\/\/api.w.org\/{rel}","templated":true}]}}