{"id":1178,"date":"2016-04-05T14:17:50","date_gmt":"2016-04-05T12:17:50","guid":{"rendered":"http:\/\/blocs.xtec.cat\/zerpedrera2\/?p=1178"},"modified":"2016-04-05T14:17:50","modified_gmt":"2016-04-05T12:17:50","slug":"llegim-llibres-de-la-maite-carranza","status":"publish","type":"post","link":"https:\/\/agora.xtec.cat\/zer-pedrera\/general\/llegim-llibres-de-la-maite-carranza\/","title":{"rendered":"A la ZER llegim llibres de l&#8217;escriptora Maite Carranza"},"content":{"rendered":"<p>A les escoles de l&#8217;Espluga Calba i Puiggr\u00f2s estem llegint uns llibres molt divertits de l&#8217;escriptora \u00a0Maite Carranza. Estem molt contents perqu\u00e8 aviat la Maite ens visitar\u00e0 i podrem gaudir d&#8217;una bona estona amb ella parlant dels llibres.<\/p>\n<p><img loading=\"lazy\" decoding=\"async\" class=\"\" src=\"http:\/\/www.edebe.com\/publicaciones-generales\/img_server.aspx?img=7720&amp;tipo=F\" alt=\"\" width=\"97\" height=\"143\" \/>\u00a0\u00a0<img loading=\"lazy\" decoding=\"async\" class=\"\" src=\"http:\/\/www.edebe.com\/publicaciones-generales\/img_server.aspx?img=109575&amp;tipo=F\" alt=\"4. V\u00edctor i els neandertals\" width=\"102\" height=\"140\" \/><img loading=\"lazy\" decoding=\"async\" class=\"\" src=\"http:\/\/image.casadellibro.com\/a\/l\/t0\/17\/9788490579817.jpg\" alt=\"contra les pintures del diable-maite carranza-irene iborra-9788490579817\" width=\"104\" height=\"142\" \/><a href=\"http:\/\/agora.xtec.cat\/zer-pedrera\/wp-content\/uploads\/usu1473\/2016\/04\/portada-Filo.jpg\"><img loading=\"lazy\" decoding=\"async\" class=\"alignnone  wp-image-1189\" src=\"http:\/\/agora.xtec.cat\/zer-pedrera\/wp-content\/uploads\/usu1473\/2016\/04\/portada-Filo.jpg\" alt=\"portada Filo\" width=\"111\" height=\"139\" \/><\/a><\/p>\n<p>Us deixo un v\u00eddeo d'&#8221;Una m\u00e0 de contes&#8221; dedicat a la Maite Carranza, \u00e9s molt divertit:<a href=\"http:\/\/www.super3.cat\/unamadecontes\/conte\/maite-carranza-la-lleona-devorallibres\/catala\/1910\"><img loading=\"lazy\" decoding=\"async\" class=\"alignnone  wp-image-1181\" src=\"http:\/\/agora.xtec.cat\/zer-pedrera\/wp-content\/uploads\/usu1473\/2016\/04\/MAITE.png\" alt=\"MAITE\" width=\"254\" height=\"133\" \/><\/a><\/p>\n<p>i la seva p\u00e0gina web per si voleu coneixer una mica m\u00e9s aquesta important escriptora:<\/p>\n<p><a href=\"http:\/\/maitecarranza.com\/\">http:\/\/maitecarranza.com\/<\/a><\/p>\n<p>&nbsp;<\/p>\n","protected":false},"excerpt":{"rendered":"<p>A les escoles de l&#8217;Espluga Calba i Puiggr\u00f2s estem llegint uns llibres molt divertits de l&#8217;escriptora \u00a0Maite Carranza. Estem molt contents perqu\u00e8 aviat la Maite ens visitar\u00e0 i podrem gaudir d&#8217;una bona estona amb ella parlant dels llibres.<br \/>\n\u00a0\u00a0<a href=\"http:\/\/agora.xtec.cat\/zer-pedrera\/wp-content\/uploads\/usu1473\/2016\/04\/portada-Filo.jpg\"><\/a><br \/>\nUs deixo un v\u00eddeo d&#8217;&#8221;Una m\u00e0 de&hellip;  <a href=\"https:\/\/agora.xtec.cat\/zer-pedrera\/general\/llegim-llibres-de-la-maite-carranza\/\" title=\"Read A la ZER llegim llibres de l&#8217;escriptora Maite Carranza\">Llegeix m\u00e9s\u00bb<\/a><\/p>\n","protected":false},"author":1,"featured_media":0,"comment_status":"closed","ping_status":"closed","sticky":false,"template":"","format":"standard","meta":{"_bbp_topic_count":0,"_bbp_reply_count":0,"_bbp_total_topic_count":0,"_bbp_total_reply_count":0,"_bbp_voice_count":0,"_bbp_anonymous_reply_count":0,"_bbp_topic_count_hidden":0,"_bbp_reply_count_hidden":0,"_bbp_forum_subforum_count":0,"footnotes":""},"categories":[125,110,111,1],"tags":[],"class_list":["post-1178","post","type-post","status-publish","format-standard","hentry","category-catala","category-escola-abat-ruera","category-escola-porcel-de-cervera","category-general"],"post_mailing_queue_ids":[],"_links":{"self":[{"href":"https:\/\/agora.xtec.cat\/zer-pedrera\/wp-json\/wp\/v2\/posts\/1178","targetHints":{"allow":["GET"]}}],"collection":[{"href":"https:\/\/agora.xtec.cat\/zer-pedrera\/wp-json\/wp\/v2\/posts"}],"about":[{"href":"https:\/\/agora.xtec.cat\/zer-pedrera\/wp-json\/wp\/v2\/types\/post"}],"author":[{"embeddable":true,"href":"https:\/\/agora.xtec.cat\/zer-pedrera\/wp-json\/wp\/v2\/users\/1"}],"replies":[{"embeddable":true,"href":"https:\/\/agora.xtec.cat\/zer-pedrera\/wp-json\/wp\/v2\/comments?post=1178"}],"version-history":[{"count":0,"href":"https:\/\/agora.xtec.cat\/zer-pedrera\/wp-json\/wp\/v2\/posts\/1178\/revisions"}],"wp:attachment":[{"href":"https:\/\/agora.xtec.cat\/zer-pedrera\/wp-json\/wp\/v2\/media?parent=1178"}],"wp:term":[{"taxonomy":"category","embeddable":true,"href":"https:\/\/agora.xtec.cat\/zer-pedrera\/wp-json\/wp\/v2\/categories?post=1178"},{"taxonomy":"post_tag","embeddable":true,"href":"https:\/\/agora.xtec.cat\/zer-pedrera\/wp-json\/wp\/v2\/tags?post=1178"}],"curies":[{"name":"wp","href":"https:\/\/api.w.org\/{rel}","templated":true}]}}