{"id":10540,"date":"2026-04-24T16:31:43","date_gmt":"2026-04-24T14:31:43","guid":{"rendered":"https:\/\/agora.xtec.cat\/zer-pedrera\/?p=10540"},"modified":"2026-04-24T16:57:11","modified_gmt":"2026-04-24T14:57:11","slug":"moltes-felicitats-giancarlo-escola-porcel-de-cervera","status":"publish","type":"post","link":"https:\/\/agora.xtec.cat\/zer-pedrera\/escola-porcel-de-cervera\/moltes-felicitats-giancarlo-escola-porcel-de-cervera\/","title":{"rendered":"Moltes felicitats Giancarlo. Escola Porcel de Cervera."},"content":{"rendered":"<p class=\"isSelectedEnd\"><span dir=\"auto\" style=\"vertical-align: inherit;\"><span dir=\"auto\" style=\"vertical-align: inherit;\">Esta semana no hemos parado de tener celebraciones, entre aniversarios y diada hemos estado bien distra\u00eddos y distra\u00eddas. El martes celebramos un d\u00eda muy especial en la escuela: \u00a1el cumplea\u00f1os de nuestro compa\u00f1ero Giancarlo, que ya ha cumplido 9 a\u00f1os! Para hacerlo m\u00e1s memorable, le preparamos una corona muy especial, convirti\u00e9ndolo en el rey de la escuela por un d\u00eda. La luci\u00f3 durante toda la tarde con una gran sonrisa, muy orgullosa y contenta. Le encantaron todas las felicitaciones, abrazos y muestras de cari\u00f1o que recibi\u00f3 de sus compa\u00f1eros y maestros, haciendo que su cumplea\u00f1os fuera a\u00fan m\u00e1s especial.<\/span><\/span><\/p>\n<p class=\"isSelectedEnd\"><span dir=\"auto\" style=\"vertical-align: inherit;\"><span dir=\"auto\" style=\"vertical-align: inherit;\">Por muchos a\u00f1os Giancarlo. Tus compa\u00f1eros y maestros te deseamos muchas felicidades y un a\u00f1o lleno de muchas sonrisas y momentos \u00fanicos.<\/span><\/span><\/p>\n<p>&nbsp;<\/p>\n","protected":false},"excerpt":{"rendered":"<p>Esta semana no hemos parado de tener celebraciones, entre aniversarios y diada hemos estado bien distra\u00eddos y distra\u00eddas. El martes celebramos un d\u00eda muy especial en la escuela: \u00a1el cumplea\u00f1os de nuestro compa\u00f1ero Giancarlo, que ya ha cumplido 9 a\u00f1os! Para hacerlo m\u00e1s memorable, le&hellip;  <a href=\"https:\/\/agora.xtec.cat\/zer-pedrera\/escola-porcel-de-cervera\/moltes-felicitats-giancarlo-escola-porcel-de-cervera\/\" title=\"Read Moltes felicitats Giancarlo. Escola Porcel de Cervera.\">Llegeix m\u00e9s\u00bb<\/a><\/p>\n","protected":false},"author":1,"featured_media":10541,"comment_status":"open","ping_status":"open","sticky":false,"template":"","format":"standard","meta":{"_bbp_topic_count":0,"_bbp_reply_count":0,"_bbp_total_topic_count":0,"_bbp_total_reply_count":0,"_bbp_voice_count":0,"_bbp_anonymous_reply_count":0,"_bbp_topic_count_hidden":0,"_bbp_reply_count_hidden":0,"_bbp_forum_subforum_count":0,"footnotes":""},"categories":[146,111],"tags":[],"class_list":["post-10540","post","type-post","status-publish","format-standard","has-post-thumbnail","hentry","category-aniversaris","category-escola-porcel-de-cervera"],"post_mailing_queue_ids":[],"_links":{"self":[{"href":"https:\/\/agora.xtec.cat\/zer-pedrera\/wp-json\/wp\/v2\/posts\/10540","targetHints":{"allow":["GET"]}}],"collection":[{"href":"https:\/\/agora.xtec.cat\/zer-pedrera\/wp-json\/wp\/v2\/posts"}],"about":[{"href":"https:\/\/agora.xtec.cat\/zer-pedrera\/wp-json\/wp\/v2\/types\/post"}],"author":[{"embeddable":true,"href":"https:\/\/agora.xtec.cat\/zer-pedrera\/wp-json\/wp\/v2\/users\/1"}],"replies":[{"embeddable":true,"href":"https:\/\/agora.xtec.cat\/zer-pedrera\/wp-json\/wp\/v2\/comments?post=10540"}],"version-history":[{"count":2,"href":"https:\/\/agora.xtec.cat\/zer-pedrera\/wp-json\/wp\/v2\/posts\/10540\/revisions"}],"predecessor-version":[{"id":10543,"href":"https:\/\/agora.xtec.cat\/zer-pedrera\/wp-json\/wp\/v2\/posts\/10540\/revisions\/10543"}],"wp:featuredmedia":[{"embeddable":true,"href":"https:\/\/agora.xtec.cat\/zer-pedrera\/wp-json\/wp\/v2\/media\/10541"}],"wp:attachment":[{"href":"https:\/\/agora.xtec.cat\/zer-pedrera\/wp-json\/wp\/v2\/media?parent=10540"}],"wp:term":[{"taxonomy":"category","embeddable":true,"href":"https:\/\/agora.xtec.cat\/zer-pedrera\/wp-json\/wp\/v2\/categories?post=10540"},{"taxonomy":"post_tag","embeddable":true,"href":"https:\/\/agora.xtec.cat\/zer-pedrera\/wp-json\/wp\/v2\/tags?post=10540"}],"curies":[{"name":"wp","href":"https:\/\/api.w.org\/{rel}","templated":true}]}}