{"id":10533,"date":"2026-04-24T16:20:50","date_gmt":"2026-04-24T14:20:50","guid":{"rendered":"https:\/\/agora.xtec.cat\/zer-pedrera\/?p=10533"},"modified":"2026-04-24T16:57:47","modified_gmt":"2026-04-24T14:57:47","slug":"moltes-felicitats-alumine-escola-porcel-de-cervera","status":"publish","type":"post","link":"https:\/\/agora.xtec.cat\/zer-pedrera\/escola-porcel-de-cervera\/moltes-felicitats-alumine-escola-porcel-de-cervera\/","title":{"rendered":"Moltes felicitats Alumine. Escola Porcel de Cervera."},"content":{"rendered":"<p class=\"isSelectedEnd\"><span dir=\"auto\" style=\"vertical-align: inherit;\"><span dir=\"auto\" style=\"vertical-align: inherit;\">En nuestra escuela el d\u00eda 23 de abril es doblemente especial, ya que celebramos el d\u00eda de Sant Jordi y, adem\u00e1s, tenemos el privilegio de felicitar el cumplea\u00f1os de nuestra mayor alumna. Es una gran suerte poder compartir una fecha tan significativa con una celebraci\u00f3n tan especial. Entre libros, rosas y momentos llenos de magia, felicitamos a nuestra compa\u00f1era y alumna con muchos abrazos y el tradicional estir\u00f3n de orejas.<\/span><\/span><\/p>\n<p class=\"isSelectedEnd\"><span dir=\"auto\" style=\"vertical-align: inherit;\"><span dir=\"auto\" style=\"vertical-align: inherit;\">Alumine a todos tus compa\u00f1eros y maestros te deseamos muchas felicidades y un a\u00f1o lleno de momentos inolvidables.<\/span><\/span><\/p>\n<p>&nbsp;<\/p>\n","protected":false},"excerpt":{"rendered":"<p>En nuestra escuela el d\u00eda 23 de abril es doblemente especial, ya que celebramos el d\u00eda de Sant Jordi y, adem\u00e1s, tenemos el privilegio de felicitar el cumplea\u00f1os de nuestra mayor alumna. Es una gran suerte poder compartir una fecha tan significativa con una celebraci\u00f3n&hellip;  <a href=\"https:\/\/agora.xtec.cat\/zer-pedrera\/escola-porcel-de-cervera\/moltes-felicitats-alumine-escola-porcel-de-cervera\/\" title=\"Read Moltes felicitats Alumine. Escola Porcel de Cervera.\">Llegeix m\u00e9s\u00bb<\/a><\/p>\n","protected":false},"author":1,"featured_media":10536,"comment_status":"open","ping_status":"open","sticky":false,"template":"","format":"standard","meta":{"_bbp_topic_count":0,"_bbp_reply_count":0,"_bbp_total_topic_count":0,"_bbp_total_reply_count":0,"_bbp_voice_count":0,"_bbp_anonymous_reply_count":0,"_bbp_topic_count_hidden":0,"_bbp_reply_count_hidden":0,"_bbp_forum_subforum_count":0,"footnotes":""},"categories":[146,111],"tags":[],"class_list":["post-10533","post","type-post","status-publish","format-standard","has-post-thumbnail","hentry","category-aniversaris","category-escola-porcel-de-cervera"],"post_mailing_queue_ids":[],"_links":{"self":[{"href":"https:\/\/agora.xtec.cat\/zer-pedrera\/wp-json\/wp\/v2\/posts\/10533","targetHints":{"allow":["GET"]}}],"collection":[{"href":"https:\/\/agora.xtec.cat\/zer-pedrera\/wp-json\/wp\/v2\/posts"}],"about":[{"href":"https:\/\/agora.xtec.cat\/zer-pedrera\/wp-json\/wp\/v2\/types\/post"}],"author":[{"embeddable":true,"href":"https:\/\/agora.xtec.cat\/zer-pedrera\/wp-json\/wp\/v2\/users\/1"}],"replies":[{"embeddable":true,"href":"https:\/\/agora.xtec.cat\/zer-pedrera\/wp-json\/wp\/v2\/comments?post=10533"}],"version-history":[{"count":3,"href":"https:\/\/agora.xtec.cat\/zer-pedrera\/wp-json\/wp\/v2\/posts\/10533\/revisions"}],"predecessor-version":[{"id":10544,"href":"https:\/\/agora.xtec.cat\/zer-pedrera\/wp-json\/wp\/v2\/posts\/10533\/revisions\/10544"}],"wp:featuredmedia":[{"embeddable":true,"href":"https:\/\/agora.xtec.cat\/zer-pedrera\/wp-json\/wp\/v2\/media\/10536"}],"wp:attachment":[{"href":"https:\/\/agora.xtec.cat\/zer-pedrera\/wp-json\/wp\/v2\/media?parent=10533"}],"wp:term":[{"taxonomy":"category","embeddable":true,"href":"https:\/\/agora.xtec.cat\/zer-pedrera\/wp-json\/wp\/v2\/categories?post=10533"},{"taxonomy":"post_tag","embeddable":true,"href":"https:\/\/agora.xtec.cat\/zer-pedrera\/wp-json\/wp\/v2\/tags?post=10533"}],"curies":[{"name":"wp","href":"https:\/\/api.w.org\/{rel}","templated":true}]}}