{"id":10522,"date":"2026-04-24T14:57:04","date_gmt":"2026-04-24T12:57:04","guid":{"rendered":"https:\/\/agora.xtec.cat\/zer-pedrera\/?p=10522"},"modified":"2026-04-24T14:57:04","modified_gmt":"2026-04-24T12:57:04","slug":"lalumnat-de-ci-de-porcel-de-cervera-experimentem-amb-la-maleta-audiovisual","status":"publish","type":"post","link":"https:\/\/agora.xtec.cat\/zer-pedrera\/portada\/lalumnat-de-ci-de-porcel-de-cervera-experimentem-amb-la-maleta-audiovisual\/","title":{"rendered":"L&#8217;alumnat de CI de Porcel de Cervera experimentem amb la maleta audiovisual."},"content":{"rendered":"<p>A l\u2019escola hem comen\u00e7at a experimentar amb el fons fotogr\u00e0fic de tela blanca, estil croma, aprofitant el material de la maleta d\u2019audiovisuals. Aquesta eina ens ha perm\u00e8s dur a terme una activitat creativa on cada alumne necessita una fotografia seva en pla general (de cos sencer). A la imatge, els infants simulen que donen la m\u00e0 a un personatge imaginat i dibuixat per ells mateixos. Gr\u00e0cies al fons blanc, podrem eliminar f\u00e0cilment el rerefons i integrar les fotografies dins el disseny final de l\u2019activitat. Aquesta combinaci\u00f3 de fotografia i il\u00b7lustraci\u00f3 obre la porta a resultats molt originals i personalitzats. Quines ganes de veure el resultat final!<\/p>\n<p>&nbsp;<\/p>\n<p>&nbsp;<\/p>\n","protected":false},"excerpt":{"rendered":"<p>A l\u2019escola hem comen\u00e7at a experimentar amb el fons fotogr\u00e0fic de tela blanca, estil croma, aprofitant el material de la maleta d\u2019audiovisuals. Aquesta eina ens ha perm\u00e8s dur a terme una activitat creativa on cada alumne necessita una fotografia seva en pla general (de cos&hellip;  <a href=\"https:\/\/agora.xtec.cat\/zer-pedrera\/portada\/lalumnat-de-ci-de-porcel-de-cervera-experimentem-amb-la-maleta-audiovisual\/\" title=\"Read L&#8217;alumnat de CI de Porcel de Cervera experimentem amb la maleta audiovisual.\">Llegeix m\u00e9s\u00bb<\/a><\/p>\n","protected":false},"author":1,"featured_media":10523,"comment_status":"open","ping_status":"open","sticky":false,"template":"","format":"standard","meta":{"_bbp_topic_count":0,"_bbp_reply_count":0,"_bbp_total_topic_count":0,"_bbp_total_reply_count":0,"_bbp_voice_count":0,"_bbp_anonymous_reply_count":0,"_bbp_topic_count_hidden":0,"_bbp_reply_count_hidden":0,"_bbp_forum_subforum_count":0,"footnotes":""},"categories":[111,29,89],"tags":[],"class_list":["post-10522","post","type-post","status-publish","format-standard","has-post-thumbnail","hentry","category-escola-porcel-de-cervera","category-portada","category-primaria"],"post_mailing_queue_ids":[],"_links":{"self":[{"href":"https:\/\/agora.xtec.cat\/zer-pedrera\/wp-json\/wp\/v2\/posts\/10522","targetHints":{"allow":["GET"]}}],"collection":[{"href":"https:\/\/agora.xtec.cat\/zer-pedrera\/wp-json\/wp\/v2\/posts"}],"about":[{"href":"https:\/\/agora.xtec.cat\/zer-pedrera\/wp-json\/wp\/v2\/types\/post"}],"author":[{"embeddable":true,"href":"https:\/\/agora.xtec.cat\/zer-pedrera\/wp-json\/wp\/v2\/users\/1"}],"replies":[{"embeddable":true,"href":"https:\/\/agora.xtec.cat\/zer-pedrera\/wp-json\/wp\/v2\/comments?post=10522"}],"version-history":[{"count":1,"href":"https:\/\/agora.xtec.cat\/zer-pedrera\/wp-json\/wp\/v2\/posts\/10522\/revisions"}],"predecessor-version":[{"id":10524,"href":"https:\/\/agora.xtec.cat\/zer-pedrera\/wp-json\/wp\/v2\/posts\/10522\/revisions\/10524"}],"wp:featuredmedia":[{"embeddable":true,"href":"https:\/\/agora.xtec.cat\/zer-pedrera\/wp-json\/wp\/v2\/media\/10523"}],"wp:attachment":[{"href":"https:\/\/agora.xtec.cat\/zer-pedrera\/wp-json\/wp\/v2\/media?parent=10522"}],"wp:term":[{"taxonomy":"category","embeddable":true,"href":"https:\/\/agora.xtec.cat\/zer-pedrera\/wp-json\/wp\/v2\/categories?post=10522"},{"taxonomy":"post_tag","embeddable":true,"href":"https:\/\/agora.xtec.cat\/zer-pedrera\/wp-json\/wp\/v2\/tags?post=10522"}],"curies":[{"name":"wp","href":"https:\/\/api.w.org\/{rel}","templated":true}]}}