{"id":10516,"date":"2026-04-24T16:59:44","date_gmt":"2026-04-24T14:59:44","guid":{"rendered":"https:\/\/agora.xtec.cat\/zer-pedrera\/?p=10516"},"modified":"2026-04-24T16:59:44","modified_gmt":"2026-04-24T14:59:44","slug":"la-zer-pedrera-participa-a-la-comunitat-5-steam","status":"publish","type":"post","link":"https:\/\/agora.xtec.cat\/zer-pedrera\/general\/la-zer-pedrera-participa-a-la-comunitat-5-steam\/","title":{"rendered":"La Zer pedrera participa a la Comunitat 5 STEAM"},"content":{"rendered":"<p>La Comunitat 5 STEAM reflecteix el fort comprom\u00eds de la ZER Pedrera amb aquest \u00e0mbit, que est\u00e0 adquirint cada vegada m\u00e9s rellev\u00e0ncia dins del projecte educatiu del centre. Davant d\u2019aquesta aposta decidida pel m\u00f3n STEAM, es fa necessari que els docents ens formem cont\u00ednuament per poder orientar, guiar i perfeccionar el proc\u00e9s d\u2019aprenentatge del nostre alumnat amb criteri i qualitat.<\/p>\n<p>En aquest context, el dimecres 15 d\u2019abril, l\u2019Elena i la Pili van assistir a l\u2019\u00faltima trobada de la comunitat STEAM d\u2019aquest curs escolar, que es va dur a terme a la Universitat d\u2019Educaci\u00f3 i Formaci\u00f3 Professional de Lleida. Aquesta sessi\u00f3 va tenir com a objectiu principal aprofundir en l\u2019orientaci\u00f3 professional de l\u2019alumnat, posant el focus en com acompanyar-los millor en la descoberta dels seus interessos i en la presa de decisions de futur dins dels \u00e0mbits cient\u00edfics i tecnol\u00f2gics.<\/p>\n<p>Per veure m\u00e9s fotografies, feu clic sobre la imatge.<\/p>\n<p><a href=\"https:\/\/photos.app.goo.gl\/AGnwifbwe7ZVmgy29\"><img loading=\"lazy\" decoding=\"async\" class=\"alignnone size-full wp-image-10518\" src=\"https:\/\/agora.xtec.cat\/zer-pedrera\/wp-content\/uploads\/usu1473\/2026\/04\/portada-6-rotated.jpg\" alt=\"\" width=\"300\" height=\"225\" srcset=\"https:\/\/agora.xtec.cat\/zer-pedrera\/wp-content\/uploads\/usu1473\/2026\/04\/portada-6-rotated.jpg 300w, https:\/\/agora.xtec.cat\/zer-pedrera\/wp-content\/uploads\/usu1473\/2026\/04\/portada-6-200x150.jpg 200w\" sizes=\"auto, (max-width: 300px) 100vw, 300px\" \/><\/a><\/p>\n<p>&nbsp;<\/p>\n","protected":false},"excerpt":{"rendered":"<p>La Comunitat 5 STEAM reflecteix el fort comprom\u00eds de la ZER Pedrera amb aquest \u00e0mbit, que est\u00e0 adquirint cada vegada m\u00e9s rellev\u00e0ncia dins del projecte educatiu del centre. Davant d\u2019aquesta aposta decidida pel m\u00f3n STEAM, es fa necessari que els docents ens formem cont\u00ednuament per&hellip;  <a href=\"https:\/\/agora.xtec.cat\/zer-pedrera\/general\/la-zer-pedrera-participa-a-la-comunitat-5-steam\/\" title=\"Read La Zer pedrera participa a la Comunitat 5 STEAM\">Llegeix m\u00e9s\u00bb<\/a><\/p>\n","protected":false},"author":1,"featured_media":10518,"comment_status":"open","ping_status":"open","sticky":false,"template":"","format":"standard","meta":{"_bbp_topic_count":0,"_bbp_reply_count":0,"_bbp_total_topic_count":0,"_bbp_total_reply_count":0,"_bbp_voice_count":0,"_bbp_anonymous_reply_count":0,"_bbp_topic_count_hidden":0,"_bbp_reply_count_hidden":0,"_bbp_forum_subforum_count":0,"footnotes":""},"categories":[113,110,111,1,213,29,89,215],"tags":[],"class_list":["post-10516","post","type-post","status-publish","format-standard","has-post-thumbnail","hentry","category-e-infantil","category-escola-abat-ruera","category-escola-porcel-de-cervera","category-general","category-podcasts","category-portada","category-primaria","category-steam"],"post_mailing_queue_ids":[],"_links":{"self":[{"href":"https:\/\/agora.xtec.cat\/zer-pedrera\/wp-json\/wp\/v2\/posts\/10516","targetHints":{"allow":["GET"]}}],"collection":[{"href":"https:\/\/agora.xtec.cat\/zer-pedrera\/wp-json\/wp\/v2\/posts"}],"about":[{"href":"https:\/\/agora.xtec.cat\/zer-pedrera\/wp-json\/wp\/v2\/types\/post"}],"author":[{"embeddable":true,"href":"https:\/\/agora.xtec.cat\/zer-pedrera\/wp-json\/wp\/v2\/users\/1"}],"replies":[{"embeddable":true,"href":"https:\/\/agora.xtec.cat\/zer-pedrera\/wp-json\/wp\/v2\/comments?post=10516"}],"version-history":[{"count":2,"href":"https:\/\/agora.xtec.cat\/zer-pedrera\/wp-json\/wp\/v2\/posts\/10516\/revisions"}],"predecessor-version":[{"id":10520,"href":"https:\/\/agora.xtec.cat\/zer-pedrera\/wp-json\/wp\/v2\/posts\/10516\/revisions\/10520"}],"wp:featuredmedia":[{"embeddable":true,"href":"https:\/\/agora.xtec.cat\/zer-pedrera\/wp-json\/wp\/v2\/media\/10518"}],"wp:attachment":[{"href":"https:\/\/agora.xtec.cat\/zer-pedrera\/wp-json\/wp\/v2\/media?parent=10516"}],"wp:term":[{"taxonomy":"category","embeddable":true,"href":"https:\/\/agora.xtec.cat\/zer-pedrera\/wp-json\/wp\/v2\/categories?post=10516"},{"taxonomy":"post_tag","embeddable":true,"href":"https:\/\/agora.xtec.cat\/zer-pedrera\/wp-json\/wp\/v2\/tags?post=10516"}],"curies":[{"name":"wp","href":"https:\/\/api.w.org\/{rel}","templated":true}]}}