{"id":10513,"date":"2026-04-20T16:02:33","date_gmt":"2026-04-20T14:02:33","guid":{"rendered":"https:\/\/agora.xtec.cat\/zer-pedrera\/?p=10513"},"modified":"2026-04-24T13:55:05","modified_gmt":"2026-04-24T11:55:05","slug":"nova-adquisicio-elements-de-robotica-i-pensament-computacional-a-l-escola-porcel-de-cervera","status":"publish","type":"post","link":"https:\/\/agora.xtec.cat\/zer-pedrera\/general\/nova-adquisicio-elements-de-robotica-i-pensament-computacional-a-l-escola-porcel-de-cervera\/","title":{"rendered":"Nova adquisici\u00f3 elements de rob\u00f2tica i pensament computacional a l&#8217; escola Porcel de Cervera."},"content":{"rendered":"<p data-start=\"0\" data-end=\"352\">El Claustre de mestres estem immersos en l&#8217;aprenentatge sobre el funcionament dels nous elements de rob\u00f2tica adquirits recentment gr\u00e0cies a una subvenci\u00f3 del Departament. Aquesta inversi\u00f3 respon a la voluntat de la ZER d\u2019impulsar el pensament computacional entre l\u2019alumnat i integrar-lo de manera transversal en els aprenentatges. Durant aquests dies hem estat experimentat amb els diferents materials per con\u00e8ixer-ne el funcionament i les possibilitats did\u00e0ctiques ja que la intenci\u00f3 \u00e9s que aquests recursos no es limitin \u00fanicament a la sisena hora de TAC i rob\u00f2tica, sin\u00f3 que es puguin incorporar a altres \u00e0rees i situacions d\u2019aprenentatge al llarg del trimestre. D\u2019aquesta manera, es pret\u00e9n fomentar un \u00fas m\u00e9s global i significatiu de la tecnologia, afavorint el desenvolupament de compet\u00e8ncies com la resoluci\u00f3 de problemes, la creativitat i el treball cooperatiu.<\/p>\n<p data-start=\"1045\" data-end=\"1203\" data-is-last-node=\"\" data-is-only-node=\"\">\n","protected":false},"excerpt":{"rendered":"<p>El Claustre de mestres estem immersos en l&#8217;aprenentatge sobre el funcionament dels nous elements de rob\u00f2tica adquirits recentment gr\u00e0cies a una subvenci\u00f3 del Departament. Aquesta inversi\u00f3 respon a la voluntat de la ZER d\u2019impulsar el pensament computacional entre l\u2019alumnat i integrar-lo de manera transversal en&hellip;  <a href=\"https:\/\/agora.xtec.cat\/zer-pedrera\/general\/nova-adquisicio-elements-de-robotica-i-pensament-computacional-a-l-escola-porcel-de-cervera\/\" title=\"Read Nova adquisici\u00f3 elements de rob\u00f2tica i pensament computacional a l&#8217; escola Porcel de Cervera.\">Llegeix m\u00e9s\u00bb<\/a><\/p>\n","protected":false},"author":1,"featured_media":10514,"comment_status":"open","ping_status":"open","sticky":false,"template":"","format":"standard","meta":{"_bbp_topic_count":0,"_bbp_reply_count":0,"_bbp_total_topic_count":0,"_bbp_total_reply_count":0,"_bbp_voice_count":0,"_bbp_anonymous_reply_count":0,"_bbp_topic_count_hidden":0,"_bbp_reply_count_hidden":0,"_bbp_forum_subforum_count":0,"footnotes":""},"categories":[111,1,29,214],"tags":[],"class_list":["post-10513","post","type-post","status-publish","format-standard","has-post-thumbnail","hentry","category-escola-porcel-de-cervera","category-general","category-portada","category-tac-i-robotica-a-la-nostra-zer"],"post_mailing_queue_ids":[],"_links":{"self":[{"href":"https:\/\/agora.xtec.cat\/zer-pedrera\/wp-json\/wp\/v2\/posts\/10513","targetHints":{"allow":["GET"]}}],"collection":[{"href":"https:\/\/agora.xtec.cat\/zer-pedrera\/wp-json\/wp\/v2\/posts"}],"about":[{"href":"https:\/\/agora.xtec.cat\/zer-pedrera\/wp-json\/wp\/v2\/types\/post"}],"author":[{"embeddable":true,"href":"https:\/\/agora.xtec.cat\/zer-pedrera\/wp-json\/wp\/v2\/users\/1"}],"replies":[{"embeddable":true,"href":"https:\/\/agora.xtec.cat\/zer-pedrera\/wp-json\/wp\/v2\/comments?post=10513"}],"version-history":[{"count":2,"href":"https:\/\/agora.xtec.cat\/zer-pedrera\/wp-json\/wp\/v2\/posts\/10513\/revisions"}],"predecessor-version":[{"id":10521,"href":"https:\/\/agora.xtec.cat\/zer-pedrera\/wp-json\/wp\/v2\/posts\/10513\/revisions\/10521"}],"wp:featuredmedia":[{"embeddable":true,"href":"https:\/\/agora.xtec.cat\/zer-pedrera\/wp-json\/wp\/v2\/media\/10514"}],"wp:attachment":[{"href":"https:\/\/agora.xtec.cat\/zer-pedrera\/wp-json\/wp\/v2\/media?parent=10513"}],"wp:term":[{"taxonomy":"category","embeddable":true,"href":"https:\/\/agora.xtec.cat\/zer-pedrera\/wp-json\/wp\/v2\/categories?post=10513"},{"taxonomy":"post_tag","embeddable":true,"href":"https:\/\/agora.xtec.cat\/zer-pedrera\/wp-json\/wp\/v2\/tags?post=10513"}],"curies":[{"name":"wp","href":"https:\/\/api.w.org\/{rel}","templated":true}]}}