{"id":10511,"date":"2026-04-24T15:55:35","date_gmt":"2026-04-24T13:55:35","guid":{"rendered":"https:\/\/agora.xtec.cat\/zer-pedrera\/?p=10511"},"modified":"2026-04-24T15:55:35","modified_gmt":"2026-04-24T13:55:35","slug":"celebrem-la-diada-de-st-jordi-escola-porcel-de-cervera","status":"publish","type":"post","link":"https:\/\/agora.xtec.cat\/zer-pedrera\/general\/celebrem-la-diada-de-st-jordi-escola-porcel-de-cervera\/","title":{"rendered":"Celebrem la Diada de St. Jordi. Escola Porcel de Cervera."},"content":{"rendered":"<p class=\"isSelectedEnd\">Ahir a la tarda vam celebrar la diada de Sant Jordi amb una jornada molt bonica en la qual ens van acompanyar les fam\u00edlies. Vam gaudir d\u2019un ambient festiu on les flors i els punts de llibre no hi van faltar, convertint l\u2019escola en un espai ple de cultura i tradici\u00f3. Els m\u00e9s petitons ens van delitar amb una representaci\u00f3 de l\u2019obra <em>Sant Jordi i el drac de l\u2019Espluga<\/em>, que va arrencar somriures i aplaudiments entre el p\u00fablic.<\/p>\n<p class=\"isSelectedEnd\">Per altra banda, l\u2019alumnat de Cicle Mitj\u00e0 i Cicle Superior ens va captivar i deixar bocabadats amb un recital de poemes de creaci\u00f3 pr\u00f2pia, dignes d\u2019un concurs literari.<\/p>\n<p>Va ser una jornada molt distesa, amb un ambient excel\u00b7lent que va refor\u00e7ar els vincles entre escola i fam\u00edlies, i que de ben segur recordarem amb molta estima.<\/p>\n<p>Cliqueu per veure fotos de la jornada.<a href=\"https:\/\/photos.app.goo.gl\/FtoSniX7MPGTQm8GA\">https:\/\/photos.app.goo.gl\/FtoSniX7MPGTQm8GA<\/a><\/p>\n","protected":false},"excerpt":{"rendered":"<p>Ahir a la tarda vam celebrar la diada de Sant Jordi amb una jornada molt bonica en la qual ens van acompanyar les fam\u00edlies. Vam gaudir d\u2019un ambient festiu on les flors i els punts de llibre no hi van faltar, convertint l\u2019escola en un&hellip;  <a href=\"https:\/\/agora.xtec.cat\/zer-pedrera\/general\/celebrem-la-diada-de-st-jordi-escola-porcel-de-cervera\/\" title=\"Read Celebrem la Diada de St. Jordi. Escola Porcel de Cervera.\">Llegeix m\u00e9s\u00bb<\/a><\/p>\n","protected":false},"author":1,"featured_media":10531,"comment_status":"open","ping_status":"open","sticky":false,"template":"","format":"standard","meta":{"_bbp_topic_count":0,"_bbp_reply_count":0,"_bbp_total_topic_count":0,"_bbp_total_reply_count":0,"_bbp_voice_count":0,"_bbp_anonymous_reply_count":0,"_bbp_topic_count_hidden":0,"_bbp_reply_count_hidden":0,"_bbp_forum_subforum_count":0,"footnotes":""},"categories":[111,1,29,89],"tags":[],"class_list":["post-10511","post","type-post","status-publish","format-standard","has-post-thumbnail","hentry","category-escola-porcel-de-cervera","category-general","category-portada","category-primaria"],"post_mailing_queue_ids":[],"_links":{"self":[{"href":"https:\/\/agora.xtec.cat\/zer-pedrera\/wp-json\/wp\/v2\/posts\/10511","targetHints":{"allow":["GET"]}}],"collection":[{"href":"https:\/\/agora.xtec.cat\/zer-pedrera\/wp-json\/wp\/v2\/posts"}],"about":[{"href":"https:\/\/agora.xtec.cat\/zer-pedrera\/wp-json\/wp\/v2\/types\/post"}],"author":[{"embeddable":true,"href":"https:\/\/agora.xtec.cat\/zer-pedrera\/wp-json\/wp\/v2\/users\/1"}],"replies":[{"embeddable":true,"href":"https:\/\/agora.xtec.cat\/zer-pedrera\/wp-json\/wp\/v2\/comments?post=10511"}],"version-history":[{"count":3,"href":"https:\/\/agora.xtec.cat\/zer-pedrera\/wp-json\/wp\/v2\/posts\/10511\/revisions"}],"predecessor-version":[{"id":10532,"href":"https:\/\/agora.xtec.cat\/zer-pedrera\/wp-json\/wp\/v2\/posts\/10511\/revisions\/10532"}],"wp:featuredmedia":[{"embeddable":true,"href":"https:\/\/agora.xtec.cat\/zer-pedrera\/wp-json\/wp\/v2\/media\/10531"}],"wp:attachment":[{"href":"https:\/\/agora.xtec.cat\/zer-pedrera\/wp-json\/wp\/v2\/media?parent=10511"}],"wp:term":[{"taxonomy":"category","embeddable":true,"href":"https:\/\/agora.xtec.cat\/zer-pedrera\/wp-json\/wp\/v2\/categories?post=10511"},{"taxonomy":"post_tag","embeddable":true,"href":"https:\/\/agora.xtec.cat\/zer-pedrera\/wp-json\/wp\/v2\/tags?post=10511"}],"curies":[{"name":"wp","href":"https:\/\/api.w.org\/{rel}","templated":true}]}}