{"id":10502,"date":"2026-04-20T15:36:42","date_gmt":"2026-04-20T13:36:42","guid":{"rendered":"https:\/\/agora.xtec.cat\/zer-pedrera\/?p=10502"},"modified":"2026-04-20T15:36:42","modified_gmt":"2026-04-20T13:36:42","slug":"pintem-un-mural-per-fer-les-lletres-de-la-primavera-infantil-i-ci-porcel-de-cervera","status":"publish","type":"post","link":"https:\/\/agora.xtec.cat\/zer-pedrera\/general\/pintem-un-mural-per-fer-les-lletres-de-la-primavera-infantil-i-ci-porcel-de-cervera\/","title":{"rendered":"Pintem un mural per fer les lletres de la primavera. Infantil i CI Porcel de Cervera."},"content":{"rendered":"<p data-start=\"85\" data-end=\"202\">L&#8217;alumnat d&#8217;infantil i CI vam iniciar la preparaci\u00f3 del nostre raconet de primavera amb una activitat molt creativa i divertida. Vam elaborar un gran mural de paper penjat en una paret del pati. Un cop es va assecar hi vam escriure i retallar les lletres per donar forma al nostre espai de primavera. Per decorar-lo, vam utilitzar pintures de colors vius propis d\u2019aquesta estaci\u00f3 i les vam estampar i esquitxar sobre el mural. Ens ho vam passar d\u2019all\u00f2 m\u00e9s b\u00e9 fent de pintors i deixant volar la nostra imaginaci\u00f3! Ha estat una activitat molt divertida que ens ha perm\u00e8s expressar-nos i gaudir de l\u2019art en equip.<\/p>\n<p data-start=\"85\" data-end=\"202\">Cliqueu per veure les imatges.<img loading=\"lazy\" decoding=\"async\" class=\"aligncenter\" src=\"https:\/\/agora.xtec.cat\/zer-pedrera\/wp-content\/uploads\/usu1473\/2026\/04\/portada-mural-primavera.jpg\" width=\"99\" height=\"56\" \/><\/p>\n<p data-start=\"85\" data-end=\"202\">\n","protected":false},"excerpt":{"rendered":"<p>L&#8217;alumnat d&#8217;infantil i CI vam iniciar la preparaci\u00f3 del nostre raconet de primavera amb una activitat molt creativa i divertida. Vam elaborar un gran mural de paper penjat en una paret del pati. Un cop es va assecar hi vam escriure i retallar les lletres&hellip;  <a href=\"https:\/\/agora.xtec.cat\/zer-pedrera\/general\/pintem-un-mural-per-fer-les-lletres-de-la-primavera-infantil-i-ci-porcel-de-cervera\/\" title=\"Read Pintem un mural per fer les lletres de la primavera. Infantil i CI Porcel de Cervera.\">Llegeix m\u00e9s\u00bb<\/a><\/p>\n","protected":false},"author":1,"featured_media":10503,"comment_status":"open","ping_status":"open","sticky":false,"template":"","format":"standard","meta":{"_bbp_topic_count":0,"_bbp_reply_count":0,"_bbp_total_topic_count":0,"_bbp_total_reply_count":0,"_bbp_voice_count":0,"_bbp_anonymous_reply_count":0,"_bbp_topic_count_hidden":0,"_bbp_reply_count_hidden":0,"_bbp_forum_subforum_count":0,"footnotes":""},"categories":[113,111,1,29,89],"tags":[],"class_list":["post-10502","post","type-post","status-publish","format-standard","has-post-thumbnail","hentry","category-e-infantil","category-escola-porcel-de-cervera","category-general","category-portada","category-primaria"],"post_mailing_queue_ids":[],"_links":{"self":[{"href":"https:\/\/agora.xtec.cat\/zer-pedrera\/wp-json\/wp\/v2\/posts\/10502","targetHints":{"allow":["GET"]}}],"collection":[{"href":"https:\/\/agora.xtec.cat\/zer-pedrera\/wp-json\/wp\/v2\/posts"}],"about":[{"href":"https:\/\/agora.xtec.cat\/zer-pedrera\/wp-json\/wp\/v2\/types\/post"}],"author":[{"embeddable":true,"href":"https:\/\/agora.xtec.cat\/zer-pedrera\/wp-json\/wp\/v2\/users\/1"}],"replies":[{"embeddable":true,"href":"https:\/\/agora.xtec.cat\/zer-pedrera\/wp-json\/wp\/v2\/comments?post=10502"}],"version-history":[{"count":1,"href":"https:\/\/agora.xtec.cat\/zer-pedrera\/wp-json\/wp\/v2\/posts\/10502\/revisions"}],"predecessor-version":[{"id":10504,"href":"https:\/\/agora.xtec.cat\/zer-pedrera\/wp-json\/wp\/v2\/posts\/10502\/revisions\/10504"}],"wp:featuredmedia":[{"embeddable":true,"href":"https:\/\/agora.xtec.cat\/zer-pedrera\/wp-json\/wp\/v2\/media\/10503"}],"wp:attachment":[{"href":"https:\/\/agora.xtec.cat\/zer-pedrera\/wp-json\/wp\/v2\/media?parent=10502"}],"wp:term":[{"taxonomy":"category","embeddable":true,"href":"https:\/\/agora.xtec.cat\/zer-pedrera\/wp-json\/wp\/v2\/categories?post=10502"},{"taxonomy":"post_tag","embeddable":true,"href":"https:\/\/agora.xtec.cat\/zer-pedrera\/wp-json\/wp\/v2\/tags?post=10502"}],"curies":[{"name":"wp","href":"https:\/\/api.w.org\/{rel}","templated":true}]}}