{"id":10500,"date":"2026-04-20T15:36:08","date_gmt":"2026-04-20T13:36:08","guid":{"rendered":"https:\/\/agora.xtec.cat\/zer-pedrera\/?p=10500"},"modified":"2026-04-20T15:36:08","modified_gmt":"2026-04-20T13:36:08","slug":"tallers-internivell-del-segon-trimestres-a-lescola-porcel-de-cervera-steam","status":"publish","type":"post","link":"https:\/\/agora.xtec.cat\/zer-pedrera\/general\/tallers-internivell-del-segon-trimestres-a-lescola-porcel-de-cervera-steam\/","title":{"rendered":"Tallers internivell del segon trimestres a l&#8217;escola Porcel de Cervera. STEAM"},"content":{"rendered":"<div class=\"flex flex-col text-sm pb-25\">\n<section class=\"text-token-text-primary w-full focus:outline-none [--shadow-height:45px] has-data-writing-block:pointer-events-none has-data-writing-block:-mt-(--shadow-height) has-data-writing-block:pt-(--shadow-height) [&amp;:has([data-writing-block])&gt;*]:pointer-events-auto [content-visibility:auto] supports-[content-visibility:auto]:[contain-intrinsic-size:auto_100lvh] scroll-mt-[calc(var(--header-height)+min(200px,max(70px,20svh)))]\" dir=\"auto\" data-turn-id=\"request-WEB:4d031bef-e912-4b28-a9bd-9fde3d8c502d-0\" data-testid=\"conversation-turn-2\" data-scroll-anchor=\"true\" data-turn=\"assistant\">\n<div class=\"text-base my-auto mx-auto pb-10 [--thread-content-margin:var(--thread-content-margin-xs,calc(var(--spacing)*4))] @w-sm\/main:[--thread-content-margin:var(--thread-content-margin-sm,calc(var(--spacing)*6))] @w-lg\/main:[--thread-content-margin:var(--thread-content-margin-lg,calc(var(--spacing)*16))] px-(--thread-content-margin)\">\n<div class=\"[--thread-content-max-width:40rem] @w-lg\/main:[--thread-content-max-width:48rem] mx-auto max-w-(--thread-content-max-width) flex-1 group\/turn-messages focus-visible:outline-hidden relative flex w-full min-w-0 flex-col agent-turn\">\n<div class=\"flex max-w-full flex-col gap-4 grow\">\n<div class=\"min-h-8 text-message relative flex w-full flex-col items-end gap-2 text-start break-words whitespace-normal outline-none keyboard-focused:focus-ring [.text-message+&amp;]:mt-1\" dir=\"auto\" tabindex=\"0\" data-message-author-role=\"assistant\" data-message-id=\"9ca74aa5-31ff-4626-be1d-4a17fe7c8763\" data-message-model-slug=\"gpt-5-3\" data-turn-start-message=\"true\">\n<div class=\"flex w-full flex-col gap-1 empty:hidden\">\n<div class=\"markdown prose dark:prose-invert w-full wrap-break-word light markdown-new-styling\">\n<p data-start=\"0\" data-end=\"238\">Durant el segon trimestre, hem continuat apostant per una proposta educativa que vam iniciar aquest curs i que est\u00e0 donant resultats molt positius: els tallers vivencials orientats a apropar l\u2019art i les situacions quotidianes als infants.Seguint la l\u00ednia del trimestre passat, hem dut a terme tres nous tallers pensats per fomentar la creativitat, l\u2019experimentaci\u00f3 i l\u2019aprenentatge significatiu. Aquesta iniciativa, que vam introduir enguany, est\u00e0 resultant molt enriquidora tant per als infants com per a l\u2019equip educatiu, i tot apunta que tindr\u00e0 continu\u00eftat en els propers cursos.<\/p>\n<p data-start=\"586\" data-end=\"943\">Aquest trimestre, els infants han participat en tres tallers rotatius: el taller de cuina, on han pogut experimentar amb diferents aliments i recptes; el taller de construccions, que ha potenciat la seva imaginaci\u00f3 i capacitat de resoluci\u00f3; i el taller d\u2019escultura, on han explorat diferents materials i formes d\u2019expressi\u00f3 art\u00edstica.<\/p>\n<p data-start=\"945\" data-end=\"1147\" data-is-last-node=\"\" data-is-only-node=\"\">Estigueu ben atents perqu\u00e8 en breu comen\u00e7arem amb els nous tallers del 3r trimestre i aquest cop necessitarem la vostra ajuda i col.laboraci\u00f3.<\/p>\n<\/div>\n<p data-start=\"945\" data-end=\"1147\" data-is-last-node=\"\" data-is-only-node=\"\">Cliqueu per veure imatges dels diferents tallers.<\/p>\n<p data-start=\"945\" data-end=\"1147\" data-is-last-node=\"\" data-is-only-node=\"\">CUINA:<a href=\"https:\/\/photos.app.goo.gl\/sCWjbBPka2rhgE9T7\">https:\/\/photos.app.goo.gl\/sCWjbBPka2rhgE9T7<\/a><\/p>\n<p data-start=\"945\" data-end=\"1147\" data-is-last-node=\"\" data-is-only-node=\"\">ESCULTURA:<a href=\"https:\/\/photos.app.goo.gl\/QU6srRxcJoKjnCaW8\">https:\/\/photos.app.goo.gl\/QU6srRxcJoKjnCaW8<\/a><\/p>\n<p data-start=\"945\" data-end=\"1147\" data-is-last-node=\"\" data-is-only-node=\"\">CONSTRUCCIONS:<a href=\"https:\/\/photos.app.goo.gl\/moae71Gmo3ExoFaQ8\">https:\/\/photos.app.goo.gl\/moae71Gmo3ExoFaQ8<\/a><\/p>\n<\/div>\n<\/div>\n<\/div>\n<div class=\"mt-3 w-full empty:hidden\">\n<div class=\"text-center\"><\/div>\n<\/div>\n<\/div>\n<\/div>\n<\/section>\n<\/div>\n<div class=\"pointer-events-none h-px w-px absolute bottom-0\" aria-hidden=\"true\" data-edge=\"true\"><\/div>\n","protected":false},"excerpt":{"rendered":"<p>Durant el segon trimestre, hem continuat apostant per una proposta educativa que vam iniciar aquest curs i que est\u00e0 donant resultats molt positius: els tallers vivencials orientats a apropar l\u2019art i les situacions quotidianes als infants.Seguint la l\u00ednia del trimestre passat, hem dut a terme&hellip;  <a href=\"https:\/\/agora.xtec.cat\/zer-pedrera\/general\/tallers-internivell-del-segon-trimestres-a-lescola-porcel-de-cervera-steam\/\" title=\"Read Tallers internivell del segon trimestres a l&#8217;escola Porcel de Cervera. STEAM\">Llegeix m\u00e9s\u00bb<\/a><\/p>\n","protected":false},"author":1,"featured_media":10509,"comment_status":"open","ping_status":"open","sticky":false,"template":"","format":"standard","meta":{"_bbp_topic_count":0,"_bbp_reply_count":0,"_bbp_total_topic_count":0,"_bbp_total_reply_count":0,"_bbp_voice_count":0,"_bbp_anonymous_reply_count":0,"_bbp_topic_count_hidden":0,"_bbp_reply_count_hidden":0,"_bbp_forum_subforum_count":0,"footnotes":""},"categories":[111,1,29,89,215],"tags":[],"class_list":["post-10500","post","type-post","status-publish","format-standard","has-post-thumbnail","hentry","category-escola-porcel-de-cervera","category-general","category-portada","category-primaria","category-steam"],"post_mailing_queue_ids":[],"_links":{"self":[{"href":"https:\/\/agora.xtec.cat\/zer-pedrera\/wp-json\/wp\/v2\/posts\/10500","targetHints":{"allow":["GET"]}}],"collection":[{"href":"https:\/\/agora.xtec.cat\/zer-pedrera\/wp-json\/wp\/v2\/posts"}],"about":[{"href":"https:\/\/agora.xtec.cat\/zer-pedrera\/wp-json\/wp\/v2\/types\/post"}],"author":[{"embeddable":true,"href":"https:\/\/agora.xtec.cat\/zer-pedrera\/wp-json\/wp\/v2\/users\/1"}],"replies":[{"embeddable":true,"href":"https:\/\/agora.xtec.cat\/zer-pedrera\/wp-json\/wp\/v2\/comments?post=10500"}],"version-history":[{"count":2,"href":"https:\/\/agora.xtec.cat\/zer-pedrera\/wp-json\/wp\/v2\/posts\/10500\/revisions"}],"predecessor-version":[{"id":10510,"href":"https:\/\/agora.xtec.cat\/zer-pedrera\/wp-json\/wp\/v2\/posts\/10500\/revisions\/10510"}],"wp:featuredmedia":[{"embeddable":true,"href":"https:\/\/agora.xtec.cat\/zer-pedrera\/wp-json\/wp\/v2\/media\/10509"}],"wp:attachment":[{"href":"https:\/\/agora.xtec.cat\/zer-pedrera\/wp-json\/wp\/v2\/media?parent=10500"}],"wp:term":[{"taxonomy":"category","embeddable":true,"href":"https:\/\/agora.xtec.cat\/zer-pedrera\/wp-json\/wp\/v2\/categories?post=10500"},{"taxonomy":"post_tag","embeddable":true,"href":"https:\/\/agora.xtec.cat\/zer-pedrera\/wp-json\/wp\/v2\/tags?post=10500"}],"curies":[{"name":"wp","href":"https:\/\/api.w.org\/{rel}","templated":true}]}}