{"id":10493,"date":"2026-04-17T16:06:02","date_gmt":"2026-04-17T14:06:02","guid":{"rendered":"https:\/\/agora.xtec.cat\/zer-pedrera\/?p=10493"},"modified":"2026-04-17T16:11:13","modified_gmt":"2026-04-17T14:11:13","slug":"a-lescola-porcel-de-cerevra-iniciem-un-nou-trimestre-amb-noves-parelles-dapadrinament-lector","status":"publish","type":"post","link":"https:\/\/agora.xtec.cat\/zer-pedrera\/general\/a-lescola-porcel-de-cerevra-iniciem-un-nou-trimestre-amb-noves-parelles-dapadrinament-lector\/","title":{"rendered":"A l&#8217;escola Porcel de Cervera iniciem un nou trimestre amb noves parelles d\u2019apadrinament lector"},"content":{"rendered":"<p>Amb l\u2019inici del nou trimestre, a l\u2019escola reprenem l\u2019activitat d\u2019apadrinament lector amb la formaci\u00f3 de noves parelles. Setmanalment, alumnes de diferents edats comparteixen estones de lectura, on els m\u00e9s grans acompanyen els m\u00e9s petits en el seu aprenentatge. M\u00e9s enll\u00e0 de fomentar l\u2019h\u00e0bit lector, aquesta activitat t\u00e9 un gran valor educatiu i emocional. Afavoreix la responsabilitat, l\u2019empatia i la confian\u00e7a, alhora que crea vincles afectius entre l\u2019alumnat. \u00c9s emocionant veure com, setmana rere setmana, aquestes relacions es consoliden i esdevenen moments molt esperats dins la rutina escolar.<\/p>\n<p>Clica per veure&#8217;n algunes imatges.<a href=\"https:\/\/photos.app.goo.gl\/VYh7N3BJEqpHwYrm7\"><img loading=\"lazy\" decoding=\"async\" class=\"aligncenter\" src=\"https:\/\/agora.xtec.cat\/zer-pedrera\/wp-content\/uploads\/usu1473\/2026\/04\/portada-apadrianmemt-lector.jpg\" width=\"59\" height=\"59\" \/><\/a><\/p>\n<p>&nbsp;<\/p>\n","protected":false},"excerpt":{"rendered":"<p>Amb l\u2019inici del nou trimestre, a l\u2019escola reprenem l\u2019activitat d\u2019apadrinament lector amb la formaci\u00f3 de noves parelles. Setmanalment, alumnes de diferents edats comparteixen estones de lectura, on els m\u00e9s grans acompanyen els m\u00e9s petits en el seu aprenentatge. M\u00e9s enll\u00e0 de fomentar l\u2019h\u00e0bit lector, aquesta&hellip;  <a href=\"https:\/\/agora.xtec.cat\/zer-pedrera\/general\/a-lescola-porcel-de-cerevra-iniciem-un-nou-trimestre-amb-noves-parelles-dapadrinament-lector\/\" title=\"Read A l&#8217;escola Porcel de Cervera iniciem un nou trimestre amb noves parelles d\u2019apadrinament lector\">Llegeix m\u00e9s\u00bb<\/a><\/p>\n","protected":false},"author":1,"featured_media":10494,"comment_status":"open","ping_status":"open","sticky":false,"template":"","format":"standard","meta":{"_bbp_topic_count":0,"_bbp_reply_count":0,"_bbp_total_topic_count":0,"_bbp_total_reply_count":0,"_bbp_voice_count":0,"_bbp_anonymous_reply_count":0,"_bbp_topic_count_hidden":0,"_bbp_reply_count_hidden":0,"_bbp_forum_subforum_count":0,"footnotes":""},"categories":[111,1,29,89],"tags":[],"class_list":["post-10493","post","type-post","status-publish","format-standard","has-post-thumbnail","hentry","category-escola-porcel-de-cervera","category-general","category-portada","category-primaria"],"post_mailing_queue_ids":[],"_links":{"self":[{"href":"https:\/\/agora.xtec.cat\/zer-pedrera\/wp-json\/wp\/v2\/posts\/10493","targetHints":{"allow":["GET"]}}],"collection":[{"href":"https:\/\/agora.xtec.cat\/zer-pedrera\/wp-json\/wp\/v2\/posts"}],"about":[{"href":"https:\/\/agora.xtec.cat\/zer-pedrera\/wp-json\/wp\/v2\/types\/post"}],"author":[{"embeddable":true,"href":"https:\/\/agora.xtec.cat\/zer-pedrera\/wp-json\/wp\/v2\/users\/1"}],"replies":[{"embeddable":true,"href":"https:\/\/agora.xtec.cat\/zer-pedrera\/wp-json\/wp\/v2\/comments?post=10493"}],"version-history":[{"count":2,"href":"https:\/\/agora.xtec.cat\/zer-pedrera\/wp-json\/wp\/v2\/posts\/10493\/revisions"}],"predecessor-version":[{"id":10496,"href":"https:\/\/agora.xtec.cat\/zer-pedrera\/wp-json\/wp\/v2\/posts\/10493\/revisions\/10496"}],"wp:featuredmedia":[{"embeddable":true,"href":"https:\/\/agora.xtec.cat\/zer-pedrera\/wp-json\/wp\/v2\/media\/10494"}],"wp:attachment":[{"href":"https:\/\/agora.xtec.cat\/zer-pedrera\/wp-json\/wp\/v2\/media?parent=10493"}],"wp:term":[{"taxonomy":"category","embeddable":true,"href":"https:\/\/agora.xtec.cat\/zer-pedrera\/wp-json\/wp\/v2\/categories?post=10493"},{"taxonomy":"post_tag","embeddable":true,"href":"https:\/\/agora.xtec.cat\/zer-pedrera\/wp-json\/wp\/v2\/tags?post=10493"}],"curies":[{"name":"wp","href":"https:\/\/api.w.org\/{rel}","templated":true}]}}