{"id":10485,"date":"2026-04-17T12:08:33","date_gmt":"2026-04-17T10:08:33","guid":{"rendered":"https:\/\/agora.xtec.cat\/zer-pedrera\/?p=10485"},"modified":"2026-04-17T12:08:33","modified_gmt":"2026-04-17T10:08:33","slug":"el-projecte-de-cicle-inicial-de-lescola-abat-ruera-redescobrim-el-reciclatge-amb-lecomico","status":"publish","type":"post","link":"https:\/\/agora.xtec.cat\/zer-pedrera\/general\/el-projecte-de-cicle-inicial-de-lescola-abat-ruera-redescobrim-el-reciclatge-amb-lecomico\/","title":{"rendered":"El projecte de cicle Inicial de l&#8217;Escola Abat Ruera: Redescobrim el reciclatge amb l&#8217;Ecomico"},"content":{"rendered":"<p>Dins de l\u2019\u00e0rea de Coneixement del Medi, l\u2019alumnat de Cicle est\u00e0 en de ple en el m\u00f3n del reciclatge i la sostenibilitat. Aquesta iniciativa s&#8217;ha convertit en l&#8217;eix central de l&#8217;aprenentatge del trimestre, fomentant la consci\u00e8ncia ecol\u00f2gica des de l&#8217;aula.<\/p>\n<p>Aprofitant aquesta tem\u00e0tica, la Daniela, la nostra alumna en pr\u00e0ctiques, ha dissenyat una unitat did\u00e0ctica espec\u00edfica per presentar com a part del seu projecte universitari. Amb l\u2019objectiu de donar continu\u00eftat al treball que ja s&#8217;estava fent, la Daniela ha programat tres sessions din\u00e0miques i engrescadores.<\/p>\n<p>Per\u00f2 no estar\u00e0 sola en aquesta aventura! Comptarem amb una col\u00b7laboraci\u00f3 molt especial: la nostra mascota, el mico Ecomico. Ell ser\u00e0 l&#8217;encarregat d&#8217;acompanyar els nens i nenes durant totes les activitats, ajudant-los a resoldre dubtes i ensenyant-los, de forma divertida, la import\u00e0ncia de cuidar el nostre planeta.<\/p>\n<p>Estem segurs que, amb l&#8217;ajuda de la Daniela i l&#8217;Ecomico, els nostres alumnes es convertiran en uns aut\u00e8ntics experts en les tres R: Reduir, Reutilitzar i Reciclar!<\/p>\n<p>Per veure m\u00e9s fotografies, feu clic sobre la imatge.<\/p>\n<p><a href=\"https:\/\/photos.app.goo.gl\/cPNoVcu9XX7hBbid8\"><img loading=\"lazy\" decoding=\"async\" class=\"alignnone size-full wp-image-10486\" src=\"https:\/\/agora.xtec.cat\/zer-pedrera\/wp-content\/uploads\/usu1473\/2026\/04\/portada-3.jpg\" alt=\"\" width=\"300\" height=\"169\" \/><\/a><\/p>\n","protected":false},"excerpt":{"rendered":"<p>Dins de l\u2019\u00e0rea de Coneixement del Medi, l\u2019alumnat de Cicle est\u00e0 en de ple en el m\u00f3n del reciclatge i la sostenibilitat. Aquesta iniciativa s&#8217;ha convertit en l&#8217;eix central de l&#8217;aprenentatge del trimestre, fomentant la consci\u00e8ncia ecol\u00f2gica des de l&#8217;aula.<br \/>\nAprofitant aquesta tem\u00e0tica, la Daniela, la&hellip;  <a href=\"https:\/\/agora.xtec.cat\/zer-pedrera\/general\/el-projecte-de-cicle-inicial-de-lescola-abat-ruera-redescobrim-el-reciclatge-amb-lecomico\/\" title=\"Read El projecte de cicle Inicial de l&#8217;Escola Abat Ruera: Redescobrim el reciclatge amb l&#8217;Ecomico\">Llegeix m\u00e9s\u00bb<\/a><\/p>\n","protected":false},"author":1,"featured_media":10486,"comment_status":"open","ping_status":"open","sticky":false,"template":"","format":"standard","meta":{"_bbp_topic_count":0,"_bbp_reply_count":0,"_bbp_total_topic_count":0,"_bbp_total_reply_count":0,"_bbp_voice_count":0,"_bbp_anonymous_reply_count":0,"_bbp_topic_count_hidden":0,"_bbp_reply_count_hidden":0,"_bbp_forum_subforum_count":0,"footnotes":""},"categories":[110,1,116,29,89,215],"tags":[],"class_list":["post-10485","post","type-post","status-publish","format-standard","has-post-thumbnail","hentry","category-escola-abat-ruera","category-general","category-medi","category-portada","category-primaria","category-steam"],"post_mailing_queue_ids":[],"_links":{"self":[{"href":"https:\/\/agora.xtec.cat\/zer-pedrera\/wp-json\/wp\/v2\/posts\/10485","targetHints":{"allow":["GET"]}}],"collection":[{"href":"https:\/\/agora.xtec.cat\/zer-pedrera\/wp-json\/wp\/v2\/posts"}],"about":[{"href":"https:\/\/agora.xtec.cat\/zer-pedrera\/wp-json\/wp\/v2\/types\/post"}],"author":[{"embeddable":true,"href":"https:\/\/agora.xtec.cat\/zer-pedrera\/wp-json\/wp\/v2\/users\/1"}],"replies":[{"embeddable":true,"href":"https:\/\/agora.xtec.cat\/zer-pedrera\/wp-json\/wp\/v2\/comments?post=10485"}],"version-history":[{"count":1,"href":"https:\/\/agora.xtec.cat\/zer-pedrera\/wp-json\/wp\/v2\/posts\/10485\/revisions"}],"predecessor-version":[{"id":10487,"href":"https:\/\/agora.xtec.cat\/zer-pedrera\/wp-json\/wp\/v2\/posts\/10485\/revisions\/10487"}],"wp:featuredmedia":[{"embeddable":true,"href":"https:\/\/agora.xtec.cat\/zer-pedrera\/wp-json\/wp\/v2\/media\/10486"}],"wp:attachment":[{"href":"https:\/\/agora.xtec.cat\/zer-pedrera\/wp-json\/wp\/v2\/media?parent=10485"}],"wp:term":[{"taxonomy":"category","embeddable":true,"href":"https:\/\/agora.xtec.cat\/zer-pedrera\/wp-json\/wp\/v2\/categories?post=10485"},{"taxonomy":"post_tag","embeddable":true,"href":"https:\/\/agora.xtec.cat\/zer-pedrera\/wp-json\/wp\/v2\/tags?post=10485"}],"curies":[{"name":"wp","href":"https:\/\/api.w.org\/{rel}","templated":true}]}}