{"id":10481,"date":"2026-04-17T12:08:46","date_gmt":"2026-04-17T10:08:46","guid":{"rendered":"https:\/\/agora.xtec.cat\/zer-pedrera\/?p=10481"},"modified":"2026-04-17T12:41:56","modified_gmt":"2026-04-17T10:41:56","slug":"cicle-inicial-de-lescola-abat-ruera-fa-el-projecte-de-les-orugues","status":"publish","type":"post","link":"https:\/\/agora.xtec.cat\/zer-pedrera\/portada\/cicle-inicial-de-lescola-abat-ruera-fa-el-projecte-de-les-orugues\/","title":{"rendered":"Cicle Inicial de l&#8217;escola Abat Ruera fa el projecte de les erugues."},"content":{"rendered":"<p>Des de la Universitat de Lleida, es demana a les nostres practicants que duguin a terme a l\u2019aula una unitat did\u00e0ctica com a part de la seva formaci\u00f3. En aquest context, la nostra practicant, l\u2019Abril, ha decidit desenvolupar la seva programaci\u00f3 al Cicle Inicial (CI), inspirant-se en una experi\u00e8ncia personal amb un alumnat de l&#8217;escola.<\/p>\n<p>A partir d\u2019aquesta viv\u00e8ncia, neix el \u201cProjecte de les erugues\u201d, una proposta educativa que permet als infants apropar-se al m\u00f3n natural d\u2019una manera vivencial i significativa. Mitjan\u00e7ant l\u2019observaci\u00f3 directa de les erugues i el seu proc\u00e9s de transformaci\u00f3, l\u2019alumnat pot descobrir el cicle de vida de les papallones, fomentant la curiositat, l\u2019inter\u00e8s cient\u00edfic i el respecte pel medi ambient.<\/p>\n<p>Aquest projecte no nom\u00e9s treballa continguts de coneixement del medi, sin\u00f3 que tamb\u00e9 integra altres \u00e0rees com la llengua, a trav\u00e9s de la descripci\u00f3 i el registre d\u2019observacions, i l\u2019educaci\u00f3 art\u00edstica, mitjan\u00e7ant la representaci\u00f3 del proc\u00e9s de metamorfosi. Aix\u00ed, es promou un aprenentatge globalitzat i significatiu.<\/p>\n<p>En definitiva, la proposta de l\u2019Abril posa en valor la import\u00e0ncia de partir de les experi\u00e8ncies pr\u00f2pies per dissenyar situacions d\u2019aprenentatge motivadores, que connectin amb els interessos dels infants i afavoreixin un aprenentatge actiu i vivencial.<\/p>\n<p>Per veure m\u00e9s fotografies, feu clic sobre la imatge.<\/p>\n<p><a href=\"https:\/\/photos.app.goo.gl\/vBBCmgjN1YG6vuCU9\"><img loading=\"lazy\" decoding=\"async\" class=\"alignnone size-full wp-image-10483\" src=\"https:\/\/agora.xtec.cat\/zer-pedrera\/wp-content\/uploads\/usu1473\/2026\/04\/portada-2.jpg\" alt=\"\" width=\"300\" height=\"169\" \/><\/a><\/p>\n<p>&nbsp;<\/p>\n","protected":false},"excerpt":{"rendered":"<p>Des de la Universitat de Lleida, es demana a les nostres practicants que duguin a terme a l\u2019aula una unitat did\u00e0ctica com a part de la seva formaci\u00f3. En aquest context, la nostra practicant, l\u2019Abril, ha decidit desenvolupar la seva programaci\u00f3 al Cicle Inicial (CI),&hellip;  <a href=\"https:\/\/agora.xtec.cat\/zer-pedrera\/portada\/cicle-inicial-de-lescola-abat-ruera-fa-el-projecte-de-les-orugues\/\" title=\"Read Cicle Inicial de l&#8217;escola Abat Ruera fa el projecte de les erugues.\">Llegeix m\u00e9s\u00bb<\/a><\/p>\n","protected":false},"author":1,"featured_media":10483,"comment_status":"open","ping_status":"open","sticky":false,"template":"","format":"standard","meta":{"_bbp_topic_count":0,"_bbp_reply_count":0,"_bbp_total_topic_count":0,"_bbp_total_reply_count":0,"_bbp_voice_count":0,"_bbp_anonymous_reply_count":0,"_bbp_topic_count_hidden":0,"_bbp_reply_count_hidden":0,"_bbp_forum_subforum_count":0,"footnotes":""},"categories":[110,116,29,89,120,215],"tags":[],"class_list":["post-10481","post","type-post","status-publish","format-standard","has-post-thumbnail","hentry","category-escola-abat-ruera","category-medi","category-portada","category-primaria","category-projectes","category-steam"],"post_mailing_queue_ids":[],"_links":{"self":[{"href":"https:\/\/agora.xtec.cat\/zer-pedrera\/wp-json\/wp\/v2\/posts\/10481","targetHints":{"allow":["GET"]}}],"collection":[{"href":"https:\/\/agora.xtec.cat\/zer-pedrera\/wp-json\/wp\/v2\/posts"}],"about":[{"href":"https:\/\/agora.xtec.cat\/zer-pedrera\/wp-json\/wp\/v2\/types\/post"}],"author":[{"embeddable":true,"href":"https:\/\/agora.xtec.cat\/zer-pedrera\/wp-json\/wp\/v2\/users\/1"}],"replies":[{"embeddable":true,"href":"https:\/\/agora.xtec.cat\/zer-pedrera\/wp-json\/wp\/v2\/comments?post=10481"}],"version-history":[{"count":2,"href":"https:\/\/agora.xtec.cat\/zer-pedrera\/wp-json\/wp\/v2\/posts\/10481\/revisions"}],"predecessor-version":[{"id":10492,"href":"https:\/\/agora.xtec.cat\/zer-pedrera\/wp-json\/wp\/v2\/posts\/10481\/revisions\/10492"}],"wp:featuredmedia":[{"embeddable":true,"href":"https:\/\/agora.xtec.cat\/zer-pedrera\/wp-json\/wp\/v2\/media\/10483"}],"wp:attachment":[{"href":"https:\/\/agora.xtec.cat\/zer-pedrera\/wp-json\/wp\/v2\/media?parent=10481"}],"wp:term":[{"taxonomy":"category","embeddable":true,"href":"https:\/\/agora.xtec.cat\/zer-pedrera\/wp-json\/wp\/v2\/categories?post=10481"},{"taxonomy":"post_tag","embeddable":true,"href":"https:\/\/agora.xtec.cat\/zer-pedrera\/wp-json\/wp\/v2\/tags?post=10481"}],"curies":[{"name":"wp","href":"https:\/\/api.w.org\/{rel}","templated":true}]}}