{"id":10467,"date":"2026-04-10T11:16:34","date_gmt":"2026-04-10T09:16:34","guid":{"rendered":"https:\/\/agora.xtec.cat\/zer-pedrera\/?p=10467"},"modified":"2026-04-10T11:16:52","modified_gmt":"2026-04-10T09:16:52","slug":"a-lescola-abat-ruera-ens-visita-una-granota-verda-a-lescola","status":"publish","type":"post","link":"https:\/\/agora.xtec.cat\/zer-pedrera\/portada\/a-lescola-abat-ruera-ens-visita-una-granota-verda-a-lescola\/","title":{"rendered":"A l&#8217;escola Abat Ruera ens visita una granota verda a l\u2019escola!"},"content":{"rendered":"<p data-start=\"33\" data-end=\"196\">El Jordi va portar una granota verda a l\u2019escola per mostrar-la als infants. Tots van poder observar-la de ben a prop i con\u00e8ixer millor com \u00e9s aquest petit animal.<\/p>\n<p data-start=\"198\" data-end=\"385\">Despr\u00e9s de mirar-la amb calma i assegurar-se que estigu\u00e9s en bones condicions, la granota va ser retornada al seu h\u00e0bitat natural, en una bassa de reg propera, on podia viure tranquil\u00b7la.<\/p>\n<p data-start=\"387\" data-end=\"482\" data-is-last-node=\"\" data-is-only-node=\"\">Una experi\u00e8ncia senzilla per\u00f2 molt interessant per aprendre a respectar i estimar la natura.<\/p>\n<p data-start=\"387\" data-end=\"482\" data-is-last-node=\"\" data-is-only-node=\"\">Per veure m\u00e9s fotografies, feu clic sobre la imatge.<\/p>\n<p data-start=\"387\" data-end=\"482\" data-is-last-node=\"\" data-is-only-node=\"\"><a href=\"https:\/\/photos.app.goo.gl\/tkzkjrVEErxbPe3U8\"><img loading=\"lazy\" decoding=\"async\" class=\"alignnone size-full wp-image-10469\" src=\"https:\/\/agora.xtec.cat\/zer-pedrera\/wp-content\/uploads\/usu1473\/2026\/04\/portada.jpg\" alt=\"\" width=\"300\" height=\"400\" srcset=\"https:\/\/agora.xtec.cat\/zer-pedrera\/wp-content\/uploads\/usu1473\/2026\/04\/portada.jpg 300w, https:\/\/agora.xtec.cat\/zer-pedrera\/wp-content\/uploads\/usu1473\/2026\/04\/portada-225x300.jpg 225w\" sizes=\"auto, (max-width: 300px) 100vw, 300px\" \/><\/a><\/p>\n","protected":false},"excerpt":{"rendered":"<p>El Jordi va portar una granota verda a l\u2019escola per mostrar-la als infants. Tots van poder observar-la de ben a prop i con\u00e8ixer millor com \u00e9s aquest petit animal.<br \/>\nDespr\u00e9s de mirar-la amb calma i assegurar-se que estigu\u00e9s en bones condicions, la granota va ser retornada&hellip;  <a href=\"https:\/\/agora.xtec.cat\/zer-pedrera\/portada\/a-lescola-abat-ruera-ens-visita-una-granota-verda-a-lescola\/\" title=\"Read A l&#8217;escola Abat Ruera ens visita una granota verda a l\u2019escola!\">Llegeix m\u00e9s\u00bb<\/a><\/p>\n","protected":false},"author":1,"featured_media":10469,"comment_status":"open","ping_status":"open","sticky":false,"template":"","format":"standard","meta":{"_bbp_topic_count":0,"_bbp_reply_count":0,"_bbp_total_topic_count":0,"_bbp_total_reply_count":0,"_bbp_voice_count":0,"_bbp_anonymous_reply_count":0,"_bbp_topic_count_hidden":0,"_bbp_reply_count_hidden":0,"_bbp_forum_subforum_count":0,"footnotes":""},"categories":[113,110,116,29,89,215],"tags":[],"class_list":["post-10467","post","type-post","status-publish","format-standard","has-post-thumbnail","hentry","category-e-infantil","category-escola-abat-ruera","category-medi","category-portada","category-primaria","category-steam"],"post_mailing_queue_ids":[],"_links":{"self":[{"href":"https:\/\/agora.xtec.cat\/zer-pedrera\/wp-json\/wp\/v2\/posts\/10467","targetHints":{"allow":["GET"]}}],"collection":[{"href":"https:\/\/agora.xtec.cat\/zer-pedrera\/wp-json\/wp\/v2\/posts"}],"about":[{"href":"https:\/\/agora.xtec.cat\/zer-pedrera\/wp-json\/wp\/v2\/types\/post"}],"author":[{"embeddable":true,"href":"https:\/\/agora.xtec.cat\/zer-pedrera\/wp-json\/wp\/v2\/users\/1"}],"replies":[{"embeddable":true,"href":"https:\/\/agora.xtec.cat\/zer-pedrera\/wp-json\/wp\/v2\/comments?post=10467"}],"version-history":[{"count":1,"href":"https:\/\/agora.xtec.cat\/zer-pedrera\/wp-json\/wp\/v2\/posts\/10467\/revisions"}],"predecessor-version":[{"id":10470,"href":"https:\/\/agora.xtec.cat\/zer-pedrera\/wp-json\/wp\/v2\/posts\/10467\/revisions\/10470"}],"wp:featuredmedia":[{"embeddable":true,"href":"https:\/\/agora.xtec.cat\/zer-pedrera\/wp-json\/wp\/v2\/media\/10469"}],"wp:attachment":[{"href":"https:\/\/agora.xtec.cat\/zer-pedrera\/wp-json\/wp\/v2\/media?parent=10467"}],"wp:term":[{"taxonomy":"category","embeddable":true,"href":"https:\/\/agora.xtec.cat\/zer-pedrera\/wp-json\/wp\/v2\/categories?post=10467"},{"taxonomy":"post_tag","embeddable":true,"href":"https:\/\/agora.xtec.cat\/zer-pedrera\/wp-json\/wp\/v2\/tags?post=10467"}],"curies":[{"name":"wp","href":"https:\/\/api.w.org\/{rel}","templated":true}]}}