{"id":10449,"date":"2026-04-02T17:12:14","date_gmt":"2026-04-02T15:12:14","guid":{"rendered":"https:\/\/agora.xtec.cat\/zer-pedrera\/?p=10449"},"modified":"2026-04-02T17:12:34","modified_gmt":"2026-04-02T15:12:34","slug":"a-lescola-porcel-de-cervera-acomiadem-el-2n-trimestre","status":"publish","type":"post","link":"https:\/\/agora.xtec.cat\/zer-pedrera\/general\/a-lescola-porcel-de-cervera-acomiadem-el-2n-trimestre\/","title":{"rendered":"A l\u2019escola Porcel de Cervera acomiadem el  2n trimestre"},"content":{"rendered":"<p data-start=\"86\" data-end=\"319\">El passat divendres 27 de mar\u00e7 vam acomiadar el trimestre amb una sortida de germanor molt especial. Vam anar als Omellons per explorar el poble i con\u00e8ixer els espais m\u00e9s importants del nostre entorn. Un cop all\u00ed vam fer una ruta tur\u00edstica, vam gaudir d\u2019un p\u00edcinc amb \u201cvermut\u201dcompartit i de postres ens vam menjar la mona de Pasqua que haviem fet a l\u2019escola. Per acabar el dia encara ben dol\u00e7 vam seguir amb la tradici\u00f3 i vam fer la recerca col.laborativa dels ous de Pasqua.<\/p>\n<p data-start=\"86\" data-end=\"319\">Entre els llocs m\u00e9s importants que vam visitar hi havia l\u2019esgl\u00e9sia, l\u2019antic rentador, una cabana de volta i l\u2019ajuntament. All\u00e0 l\u2019Estefania ens va acollir amb molt d\u2019afecte i ens va portar a la sala de plens on es debatien les coses m\u00e9s importants per el poble. Tamb\u00e9 ens va donar uns fullets informatius que ens van ajudar a seguir la ruta tur\u00edstica m\u00e9s organitzats.<\/p>\n<p data-start=\"86\" data-end=\"319\">Va ser una jornada molt divertida i diferent que ben segur repetirem. Els m\u00e9s grans hi van anar amb bicicleta, recorrent quil\u00f2metres d\u2019entorn natural, mentre que la resta vam anar amb l\u2019ajuda de les mares i els pares.<\/p>\n<p data-start=\"86\" data-end=\"319\">Si una cosa tenim clara \u00e9s que no hagu\u00e9s estat possible sense la col.laboraci\u00f3 i ajut de les families i altres responsables que en tot moment es van preoupar per acollir-nos i perqu\u00e8 tot an\u00e9s el millor possible.<\/p>\n<p data-start=\"742\" data-end=\"927\">Moltes gr\u00e0cies a l\u2019alcalde Jordi Gaya per obrir-nos les portes de l\u2019espectacular espai de l\u2019antiga escola, on fa uns anys hi havia els nostres companys-es de la ZER. Moltes gr\u00e0cies, fam\u00edlies, per la vostra organitzaci\u00f3 perqu\u00e8 tot lalumnat hi pogu\u00e9s ser i \u00a0per haver col\u00b7laborat en aquesta iniciativa des de que us ho vam proposar.<\/p>\n<p data-start=\"742\" data-end=\"927\">Ara toca descansar \u00a0i gaudir d\u2019uns merescuts dies amb familia i amics.<\/p>\n<p data-start=\"742\" data-end=\"927\">Bones vacances i bona Pasqua!<\/p>\n<p data-start=\"742\" data-end=\"927\"><a href=\"https:\/\/photos.app.goo.gl\/L2yuB29kAsf8kLJj9\">https:\/\/photos.app.goo.gl\/L2yuB29kAsf8kLJj9<\/a><\/p>\n<p data-start=\"742\" data-end=\"927\">\n","protected":false},"excerpt":{"rendered":"<p>El passat divendres 27 de mar\u00e7 vam acomiadar el trimestre amb una sortida de germanor molt especial. Vam anar als Omellons per explorar el poble i con\u00e8ixer els espais m\u00e9s importants del nostre entorn. Un cop all\u00ed vam fer una ruta tur\u00edstica, vam gaudir d\u2019un&hellip;  <a href=\"https:\/\/agora.xtec.cat\/zer-pedrera\/general\/a-lescola-porcel-de-cervera-acomiadem-el-2n-trimestre\/\" title=\"Read A l\u2019escola Porcel de Cervera acomiadem el  2n trimestre\">Llegeix m\u00e9s\u00bb<\/a><\/p>\n","protected":false},"author":1,"featured_media":10452,"comment_status":"open","ping_status":"open","sticky":false,"template":"","format":"standard","meta":{"_bbp_topic_count":0,"_bbp_reply_count":0,"_bbp_total_topic_count":0,"_bbp_total_reply_count":0,"_bbp_voice_count":0,"_bbp_anonymous_reply_count":0,"_bbp_topic_count_hidden":0,"_bbp_reply_count_hidden":0,"_bbp_forum_subforum_count":0,"footnotes":""},"categories":[111,1,29,89],"tags":[],"class_list":["post-10449","post","type-post","status-publish","format-standard","has-post-thumbnail","hentry","category-escola-porcel-de-cervera","category-general","category-portada","category-primaria"],"post_mailing_queue_ids":[],"_links":{"self":[{"href":"https:\/\/agora.xtec.cat\/zer-pedrera\/wp-json\/wp\/v2\/posts\/10449","targetHints":{"allow":["GET"]}}],"collection":[{"href":"https:\/\/agora.xtec.cat\/zer-pedrera\/wp-json\/wp\/v2\/posts"}],"about":[{"href":"https:\/\/agora.xtec.cat\/zer-pedrera\/wp-json\/wp\/v2\/types\/post"}],"author":[{"embeddable":true,"href":"https:\/\/agora.xtec.cat\/zer-pedrera\/wp-json\/wp\/v2\/users\/1"}],"replies":[{"embeddable":true,"href":"https:\/\/agora.xtec.cat\/zer-pedrera\/wp-json\/wp\/v2\/comments?post=10449"}],"version-history":[{"count":4,"href":"https:\/\/agora.xtec.cat\/zer-pedrera\/wp-json\/wp\/v2\/posts\/10449\/revisions"}],"predecessor-version":[{"id":10454,"href":"https:\/\/agora.xtec.cat\/zer-pedrera\/wp-json\/wp\/v2\/posts\/10449\/revisions\/10454"}],"wp:featuredmedia":[{"embeddable":true,"href":"https:\/\/agora.xtec.cat\/zer-pedrera\/wp-json\/wp\/v2\/media\/10452"}],"wp:attachment":[{"href":"https:\/\/agora.xtec.cat\/zer-pedrera\/wp-json\/wp\/v2\/media?parent=10449"}],"wp:term":[{"taxonomy":"category","embeddable":true,"href":"https:\/\/agora.xtec.cat\/zer-pedrera\/wp-json\/wp\/v2\/categories?post=10449"},{"taxonomy":"post_tag","embeddable":true,"href":"https:\/\/agora.xtec.cat\/zer-pedrera\/wp-json\/wp\/v2\/tags?post=10449"}],"curies":[{"name":"wp","href":"https:\/\/api.w.org\/{rel}","templated":true}]}}