{"id":10438,"date":"2026-03-27T12:17:59","date_gmt":"2026-03-27T11:17:59","guid":{"rendered":"https:\/\/agora.xtec.cat\/zer-pedrera\/?p=10438"},"modified":"2026-03-27T12:17:59","modified_gmt":"2026-03-27T11:17:59","slug":"a-la-llar-de-lescola-abat-ruera-hi-ha-sorpreses-magiques-a-la-foscor-el-comiat-de-lhivern","status":"publish","type":"post","link":"https:\/\/agora.xtec.cat\/zer-pedrera\/general\/a-la-llar-de-lescola-abat-ruera-hi-ha-sorpreses-magiques-a-la-foscor-el-comiat-de-lhivern\/","title":{"rendered":"A la llar de l&#8217;escola Abat Ruera hi ha sorpreses m\u00e0giques a la foscor: el comiat de l&#8217;hivern"},"content":{"rendered":"<p>Per finalitzar el projecte de l&#8217;hivern ens hem trobat amb una sorpresa m\u00e0gica: la classe estava plena de nuvoloses suaus i estrelles que ho decoraven tot. Despr\u00e9s d&#8217;aquest inici tan especial, hem gaudit d&#8217;una activitat fascinant amb ceres de colors fluorescents. Amb la llum apagada i la llum negra encesa, els nostres dibuixos han comen\u00e7at a brillar amb una intensitat incre\u00efble, convertint l&#8217;aula en un aut\u00e8ntic espectacle de colors.<\/p>\n<p>Per veure m\u00e9s fotografies, feu clic sobre la imatge.<\/p>\n<p><a href=\"https:\/\/photos.app.goo.gl\/HmtwH94mjG6xBtbg8\"><img loading=\"lazy\" decoding=\"async\" class=\"alignnone size-full wp-image-10439\" src=\"https:\/\/agora.xtec.cat\/zer-pedrera\/wp-content\/uploads\/usu1473\/2026\/03\/portada-6.jpg\" alt=\"\" width=\"300\" height=\"334\" srcset=\"https:\/\/agora.xtec.cat\/zer-pedrera\/wp-content\/uploads\/usu1473\/2026\/03\/portada-6.jpg 300w, https:\/\/agora.xtec.cat\/zer-pedrera\/wp-content\/uploads\/usu1473\/2026\/03\/portada-6-269x300.jpg 269w\" sizes=\"auto, (max-width: 300px) 100vw, 300px\" \/><\/a><\/p>\n","protected":false},"excerpt":{"rendered":"<p>Per finalitzar el projecte de l&#8217;hivern ens hem trobat amb una sorpresa m\u00e0gica: la classe estava plena de nuvoloses suaus i estrelles que ho decoraven tot. Despr\u00e9s d&#8217;aquest inici tan especial, hem gaudit d&#8217;una activitat fascinant amb ceres de colors fluorescents. Amb la llum apagada&hellip;  <a href=\"https:\/\/agora.xtec.cat\/zer-pedrera\/general\/a-la-llar-de-lescola-abat-ruera-hi-ha-sorpreses-magiques-a-la-foscor-el-comiat-de-lhivern\/\" title=\"Read A la llar de l&#8217;escola Abat Ruera hi ha sorpreses m\u00e0giques a la foscor: el comiat de l&#8217;hivern\">Llegeix m\u00e9s\u00bb<\/a><\/p>\n","protected":false},"author":1,"featured_media":10439,"comment_status":"open","ping_status":"open","sticky":false,"template":"","format":"standard","meta":{"_bbp_topic_count":0,"_bbp_reply_count":0,"_bbp_total_topic_count":0,"_bbp_total_reply_count":0,"_bbp_voice_count":0,"_bbp_anonymous_reply_count":0,"_bbp_topic_count_hidden":0,"_bbp_reply_count_hidden":0,"_bbp_forum_subforum_count":0,"footnotes":""},"categories":[113,110,1,29,215],"tags":[],"class_list":["post-10438","post","type-post","status-publish","format-standard","has-post-thumbnail","hentry","category-e-infantil","category-escola-abat-ruera","category-general","category-portada","category-steam"],"post_mailing_queue_ids":[],"_links":{"self":[{"href":"https:\/\/agora.xtec.cat\/zer-pedrera\/wp-json\/wp\/v2\/posts\/10438","targetHints":{"allow":["GET"]}}],"collection":[{"href":"https:\/\/agora.xtec.cat\/zer-pedrera\/wp-json\/wp\/v2\/posts"}],"about":[{"href":"https:\/\/agora.xtec.cat\/zer-pedrera\/wp-json\/wp\/v2\/types\/post"}],"author":[{"embeddable":true,"href":"https:\/\/agora.xtec.cat\/zer-pedrera\/wp-json\/wp\/v2\/users\/1"}],"replies":[{"embeddable":true,"href":"https:\/\/agora.xtec.cat\/zer-pedrera\/wp-json\/wp\/v2\/comments?post=10438"}],"version-history":[{"count":1,"href":"https:\/\/agora.xtec.cat\/zer-pedrera\/wp-json\/wp\/v2\/posts\/10438\/revisions"}],"predecessor-version":[{"id":10440,"href":"https:\/\/agora.xtec.cat\/zer-pedrera\/wp-json\/wp\/v2\/posts\/10438\/revisions\/10440"}],"wp:featuredmedia":[{"embeddable":true,"href":"https:\/\/agora.xtec.cat\/zer-pedrera\/wp-json\/wp\/v2\/media\/10439"}],"wp:attachment":[{"href":"https:\/\/agora.xtec.cat\/zer-pedrera\/wp-json\/wp\/v2\/media?parent=10438"}],"wp:term":[{"taxonomy":"category","embeddable":true,"href":"https:\/\/agora.xtec.cat\/zer-pedrera\/wp-json\/wp\/v2\/categories?post=10438"},{"taxonomy":"post_tag","embeddable":true,"href":"https:\/\/agora.xtec.cat\/zer-pedrera\/wp-json\/wp\/v2\/tags?post=10438"}],"curies":[{"name":"wp","href":"https:\/\/api.w.org\/{rel}","templated":true}]}}