{"id":10425,"date":"2026-03-27T12:17:50","date_gmt":"2026-03-27T11:17:50","guid":{"rendered":"https:\/\/agora.xtec.cat\/zer-pedrera\/?p=10425"},"modified":"2026-03-27T12:17:50","modified_gmt":"2026-03-27T11:17:50","slug":"a-lescola-abat-ruera-anem-a-la-recerca-dels-ous-de-pasqua","status":"publish","type":"post","link":"https:\/\/agora.xtec.cat\/zer-pedrera\/general\/a-lescola-abat-ruera-anem-a-la-recerca-dels-ous-de-pasqua\/","title":{"rendered":"A l&#8217;escola Abat Ruera anem a la recerca dels ous de Pasqua!"},"content":{"rendered":"<p class=\"isSelectedEnd\">Amb l\u2019arribada de la Pasqua, a l\u2019escola hem fet la tradicional cerca d\u2019ous de Pasqua.<\/p>\n<p class=\"isSelectedEnd\">Els nens i nenes han sortit al pati amb moltes ganes i il\u00b7lusi\u00f3, buscant per tot arreu\u2026 i d\u00e9u n\u2019hi do com costava trobar-los! Estaven tan ben amagats que els ha costat molt, per\u00f2 aix\u00f2 encara ho ha fet m\u00e9s divertit.<\/p>\n<p>Hem passat una molt bona estona, plena de rialles i bons moments.<\/p>\n<p>Per veure m\u00e9s fotografies, feu clic sobre la imatge.<\/p>\n<p><a href=\"https:\/\/photos.app.goo.gl\/TbZgA7t8KrLcvcHd7\"><img loading=\"lazy\" decoding=\"async\" class=\"alignnone size-full wp-image-10441\" src=\"https:\/\/agora.xtec.cat\/zer-pedrera\/wp-content\/uploads\/usu1473\/2026\/03\/portada-7.jpg\" alt=\"\" width=\"300\" height=\"188\" \/><\/a><\/p>\n","protected":false},"excerpt":{"rendered":"<p>Amb l\u2019arribada de la Pasqua, a l\u2019escola hem fet la tradicional cerca d\u2019ous de Pasqua.<br \/>\nEls nens i nenes han sortit al pati amb moltes ganes i il\u00b7lusi\u00f3, buscant per tot arreu\u2026 i d\u00e9u n\u2019hi do com costava trobar-los! Estaven tan ben amagats que els ha&hellip;  <a href=\"https:\/\/agora.xtec.cat\/zer-pedrera\/general\/a-lescola-abat-ruera-anem-a-la-recerca-dels-ous-de-pasqua\/\" title=\"Read A l&#8217;escola Abat Ruera anem a la recerca dels ous de Pasqua!\">Llegeix m\u00e9s\u00bb<\/a><\/p>\n","protected":false},"author":1,"featured_media":10441,"comment_status":"open","ping_status":"open","sticky":false,"template":"","format":"standard","meta":{"_bbp_topic_count":0,"_bbp_reply_count":0,"_bbp_total_topic_count":0,"_bbp_total_reply_count":0,"_bbp_voice_count":0,"_bbp_anonymous_reply_count":0,"_bbp_topic_count_hidden":0,"_bbp_reply_count_hidden":0,"_bbp_forum_subforum_count":0,"footnotes":""},"categories":[123,113,110,1,29,89],"tags":[],"class_list":["post-10425","post","type-post","status-publish","format-standard","has-post-thumbnail","hentry","category-angles","category-e-infantil","category-escola-abat-ruera","category-general","category-portada","category-primaria"],"post_mailing_queue_ids":[],"_links":{"self":[{"href":"https:\/\/agora.xtec.cat\/zer-pedrera\/wp-json\/wp\/v2\/posts\/10425","targetHints":{"allow":["GET"]}}],"collection":[{"href":"https:\/\/agora.xtec.cat\/zer-pedrera\/wp-json\/wp\/v2\/posts"}],"about":[{"href":"https:\/\/agora.xtec.cat\/zer-pedrera\/wp-json\/wp\/v2\/types\/post"}],"author":[{"embeddable":true,"href":"https:\/\/agora.xtec.cat\/zer-pedrera\/wp-json\/wp\/v2\/users\/1"}],"replies":[{"embeddable":true,"href":"https:\/\/agora.xtec.cat\/zer-pedrera\/wp-json\/wp\/v2\/comments?post=10425"}],"version-history":[{"count":3,"href":"https:\/\/agora.xtec.cat\/zer-pedrera\/wp-json\/wp\/v2\/posts\/10425\/revisions"}],"predecessor-version":[{"id":10442,"href":"https:\/\/agora.xtec.cat\/zer-pedrera\/wp-json\/wp\/v2\/posts\/10425\/revisions\/10442"}],"wp:featuredmedia":[{"embeddable":true,"href":"https:\/\/agora.xtec.cat\/zer-pedrera\/wp-json\/wp\/v2\/media\/10441"}],"wp:attachment":[{"href":"https:\/\/agora.xtec.cat\/zer-pedrera\/wp-json\/wp\/v2\/media?parent=10425"}],"wp:term":[{"taxonomy":"category","embeddable":true,"href":"https:\/\/agora.xtec.cat\/zer-pedrera\/wp-json\/wp\/v2\/categories?post=10425"},{"taxonomy":"post_tag","embeddable":true,"href":"https:\/\/agora.xtec.cat\/zer-pedrera\/wp-json\/wp\/v2\/tags?post=10425"}],"curies":[{"name":"wp","href":"https:\/\/api.w.org\/{rel}","templated":true}]}}