{"id":10347,"date":"2026-03-09T12:35:24","date_gmt":"2026-03-09T11:35:24","guid":{"rendered":"https:\/\/agora.xtec.cat\/zer-pedrera\/?p=10347"},"modified":"2026-03-09T12:35:24","modified_gmt":"2026-03-09T11:35:24","slug":"a-la-zer-pedrera-anem-dexcursio-a-lleida","status":"publish","type":"post","link":"https:\/\/agora.xtec.cat\/zer-pedrera\/general\/a-la-zer-pedrera-anem-dexcursio-a-lleida\/","title":{"rendered":"A la ZER Pedrera anem d&#8217;excursi\u00f3 a Lleida!"},"content":{"rendered":"<p>La nostra sortida a Lleida ha estat una experi\u00e8ncia molt enriquidora, plena de descobertes, aprenentatges i bons moments compartits. Al llarg de la jornada, l\u2019alumnat ha pogut gaudir d\u2019activitats pensades per despertar la curiositat i l\u2019inter\u00e8s per la ci\u00e8ncia, la natura i la cura del medi ambient.<\/p>\n<p>Al mat\u00ed, els infants d\u2019Educaci\u00f3 Infantil van explorar i experimentar a l\u2019Espai Ci\u00e8ncia, un espai que els va permetre aprendre jugant i manipulant diferents elements cient\u00edfics. Mentrestant, els alumnes de Cicle Inicial van aprofundir en el coneixement del cicle de l\u2019aigua al Museu de l&#8217;Aigua de Lleida, descobrint d\u2019on prov\u00e9 l\u2019aigua que fem servir cada dia i la import\u00e0ncia de fer-ne un \u00fas responsable. Per la seva banda, Cicle Mitj\u00e0 i Superior van participar en un taller sobre l\u2019aigua urbana i la seva potabilitat, reflexionant sobre el valor d\u2019aquest recurs tan necessari per a la vida quotidiana.<\/p>\n<p>Despr\u00e9s de dinar, la jornada va continuar a l\u2019aire lliure, al Parc de la Mitjana, un entorn natural privilegiat on l\u2019alumnat d\u2019Educaci\u00f3 Infantil i Cicle Inicial va poder observar la natura, els animals i la vegetaci\u00f3 del nostre entorn m\u00e9s proper. Paral\u2022lelament, els alumnes de Cicle Mitj\u00e0 i Superior van treballar l\u2019adaptaci\u00f3 dels \u00e9ssers vius al medi, connectant els aprenentatges amb la realitat del territori.<\/p>\n<p>Ha estat una jornada fant\u00e0stica, marcada per la conviv\u00e8ncia entre l\u2019alumnat de la ZER, l\u2019aprenentatge fora de l\u2019aula i el gaudi d\u2019experi\u00e8ncies compartides que contribueixen al creixement personal i social dels nostres infants.<\/p>\n<p>Per veure les fotografies de l&#8217;espai ci\u00e8ncia: cliqueu aqu\u00ed.<\/p>\n<p>Activitats mat\u00ed Infantil <a href=\"https:\/\/photos.app.goo.gl\/PcxRMErZyTR2AW4B9\">https:\/\/photos.app.goo.gl\/PcxRMErZyTR2AW4B9<\/a><\/p>\n<p>Activitats mat\u00ed prim\u00e0ria\u00a0<a href=\"https:\/\/photos.app.goo.gl\/tMqKGSsifjJDYivf8\">https:\/\/photos.app.goo.gl\/tMqKGSsifjJDYivf8<\/a><\/p>\n<p>Espai de migdia\u00a0<a href=\"https:\/\/photos.app.goo.gl\/o5v15GmQ5oc73nCe7\">https:\/\/photos.app.goo.gl\/o5v15GmQ5oc73nCe7<\/a><\/p>\n<p>Activitats tarda Infantil i CI\u00a0<a href=\"https:\/\/photos.app.goo.gl\/rixXh1ATkKAvun6x7\">https:\/\/photos.app.goo.gl\/rixXh1ATkKAvun6x7<\/a><\/p>\n<p>Activitats tarda CM i CS\u00a0<a href=\"https:\/\/photos.app.goo.gl\/sxqpZcUxswr5E1Nr5\">https:\/\/photos.app.goo.gl\/sxqpZcUxswr5E1Nr5<\/a><\/p>\n<p><a href=\"https:\/\/photos.app.goo.gl\/7r8aSwtpekJTymCm8\"><img loading=\"lazy\" decoding=\"async\" class=\"wp-image-10349 aligncenter\" src=\"https:\/\/agora.xtec.cat\/zer-pedrera\/wp-content\/uploads\/usu1473\/2026\/02\/2515_1468521282.jpg\" alt=\"\" width=\"83\" height=\"55\" srcset=\"https:\/\/agora.xtec.cat\/zer-pedrera\/wp-content\/uploads\/usu1473\/2026\/02\/2515_1468521282.jpg 1024w, https:\/\/agora.xtec.cat\/zer-pedrera\/wp-content\/uploads\/usu1473\/2026\/02\/2515_1468521282-300x199.jpg 300w, https:\/\/agora.xtec.cat\/zer-pedrera\/wp-content\/uploads\/usu1473\/2026\/02\/2515_1468521282-768x510.jpg 768w\" sizes=\"auto, (max-width: 83px) 100vw, 83px\" \/><\/a><\/p>\n","protected":false},"excerpt":{"rendered":"<p>La nostra sortida a Lleida ha estat una experi\u00e8ncia molt enriquidora, plena de descobertes, aprenentatges i bons moments compartits. Al llarg de la jornada, l\u2019alumnat ha pogut gaudir d\u2019activitats pensades per despertar la curiositat i l\u2019inter\u00e8s per la ci\u00e8ncia, la natura i la cura del&hellip;  <a href=\"https:\/\/agora.xtec.cat\/zer-pedrera\/general\/a-la-zer-pedrera-anem-dexcursio-a-lleida\/\" title=\"Read A la ZER Pedrera anem d&#8217;excursi\u00f3 a Lleida!\">Llegeix m\u00e9s\u00bb<\/a><\/p>\n","protected":false},"author":1,"featured_media":10349,"comment_status":"open","ping_status":"open","sticky":false,"template":"","format":"standard","meta":{"_bbp_topic_count":0,"_bbp_reply_count":0,"_bbp_total_topic_count":0,"_bbp_total_reply_count":0,"_bbp_voice_count":0,"_bbp_anonymous_reply_count":0,"_bbp_topic_count_hidden":0,"_bbp_reply_count_hidden":0,"_bbp_forum_subforum_count":0,"footnotes":""},"categories":[113,110,111,1,116,29,89,215],"tags":[],"class_list":["post-10347","post","type-post","status-publish","format-standard","has-post-thumbnail","hentry","category-e-infantil","category-escola-abat-ruera","category-escola-porcel-de-cervera","category-general","category-medi","category-portada","category-primaria","category-steam"],"post_mailing_queue_ids":[],"_links":{"self":[{"href":"https:\/\/agora.xtec.cat\/zer-pedrera\/wp-json\/wp\/v2\/posts\/10347","targetHints":{"allow":["GET"]}}],"collection":[{"href":"https:\/\/agora.xtec.cat\/zer-pedrera\/wp-json\/wp\/v2\/posts"}],"about":[{"href":"https:\/\/agora.xtec.cat\/zer-pedrera\/wp-json\/wp\/v2\/types\/post"}],"author":[{"embeddable":true,"href":"https:\/\/agora.xtec.cat\/zer-pedrera\/wp-json\/wp\/v2\/users\/1"}],"replies":[{"embeddable":true,"href":"https:\/\/agora.xtec.cat\/zer-pedrera\/wp-json\/wp\/v2\/comments?post=10347"}],"version-history":[{"count":3,"href":"https:\/\/agora.xtec.cat\/zer-pedrera\/wp-json\/wp\/v2\/posts\/10347\/revisions"}],"predecessor-version":[{"id":10387,"href":"https:\/\/agora.xtec.cat\/zer-pedrera\/wp-json\/wp\/v2\/posts\/10347\/revisions\/10387"}],"wp:featuredmedia":[{"embeddable":true,"href":"https:\/\/agora.xtec.cat\/zer-pedrera\/wp-json\/wp\/v2\/media\/10349"}],"wp:attachment":[{"href":"https:\/\/agora.xtec.cat\/zer-pedrera\/wp-json\/wp\/v2\/media?parent=10347"}],"wp:term":[{"taxonomy":"category","embeddable":true,"href":"https:\/\/agora.xtec.cat\/zer-pedrera\/wp-json\/wp\/v2\/categories?post=10347"},{"taxonomy":"post_tag","embeddable":true,"href":"https:\/\/agora.xtec.cat\/zer-pedrera\/wp-json\/wp\/v2\/tags?post=10347"}],"curies":[{"name":"wp","href":"https:\/\/api.w.org\/{rel}","templated":true}]}}