{"id":10340,"date":"2026-02-26T16:15:27","date_gmt":"2026-02-26T15:15:27","guid":{"rendered":"https:\/\/agora.xtec.cat\/zer-pedrera\/?p=10340"},"modified":"2026-02-26T16:15:38","modified_gmt":"2026-02-26T15:15:38","slug":"a-cicle-mitja-de-lescola-abat-ruera-descobrim-les-forces-i-les-maquines","status":"publish","type":"post","link":"https:\/\/agora.xtec.cat\/zer-pedrera\/general\/a-cicle-mitja-de-lescola-abat-ruera-descobrim-les-forces-i-les-maquines\/","title":{"rendered":"A cicle mitj\u00e0 de l&#8217;Escola Abat Ruera descobrim les forces i les m\u00e0quines."},"content":{"rendered":"<p>A Medi hem comen\u00e7at un nou tema molt interessant: les forces i les m\u00e0quines, i ens centrarem especialment en les m\u00e0quines compostes. Per iniciar-nos, hem recordat qu\u00e8 s\u00f3n les forces i com actuen en el nostre dia a dia, aix\u00ed com la funci\u00f3 de les m\u00e0quines. Despr\u00e9s, hem realitzat un experiment per investigar les forces a dist\u00e0ncia, concretament les forces el\u00e8ctriques, observant com poden actuar sense contacte directe. Ha estat una primera presa de contacte molt motivadora i plena de descobertes!<\/p>\n<p>Per veure m\u00e9s fotografies, feu clic sobre la imatge.<\/p>\n<p>&nbsp;<\/p>\n<p><a href=\"https:\/\/photos.app.goo.gl\/sqR8eFACvxDKv37w6\"><img loading=\"lazy\" decoding=\"async\" class=\"alignnone size-full wp-image-10341\" src=\"https:\/\/agora.xtec.cat\/zer-pedrera\/wp-content\/uploads\/usu1473\/2026\/02\/portada-10.jpg\" alt=\"\" width=\"300\" height=\"400\" srcset=\"https:\/\/agora.xtec.cat\/zer-pedrera\/wp-content\/uploads\/usu1473\/2026\/02\/portada-10.jpg 300w, https:\/\/agora.xtec.cat\/zer-pedrera\/wp-content\/uploads\/usu1473\/2026\/02\/portada-10-225x300.jpg 225w\" sizes=\"auto, (max-width: 300px) 100vw, 300px\" \/><\/a><\/p>\n","protected":false},"excerpt":{"rendered":"<p>A Medi hem comen\u00e7at un nou tema molt interessant: les forces i les m\u00e0quines, i ens centrarem especialment en les m\u00e0quines compostes. Per iniciar-nos, hem recordat qu\u00e8 s\u00f3n les forces i com actuen en el nostre dia a dia, aix\u00ed com la funci\u00f3 de les&hellip;  <a href=\"https:\/\/agora.xtec.cat\/zer-pedrera\/general\/a-cicle-mitja-de-lescola-abat-ruera-descobrim-les-forces-i-les-maquines\/\" title=\"Read A cicle mitj\u00e0 de l&#8217;Escola Abat Ruera descobrim les forces i les m\u00e0quines.\">Llegeix m\u00e9s\u00bb<\/a><\/p>\n","protected":false},"author":1,"featured_media":10341,"comment_status":"open","ping_status":"open","sticky":false,"template":"","format":"standard","meta":{"_bbp_topic_count":0,"_bbp_reply_count":0,"_bbp_total_topic_count":0,"_bbp_total_reply_count":0,"_bbp_voice_count":0,"_bbp_anonymous_reply_count":0,"_bbp_topic_count_hidden":0,"_bbp_reply_count_hidden":0,"_bbp_forum_subforum_count":0,"footnotes":""},"categories":[110,1,115,116,29,89,215],"tags":[],"class_list":["post-10340","post","type-post","status-publish","format-standard","has-post-thumbnail","hentry","category-escola-abat-ruera","category-general","category-materies","category-medi","category-portada","category-primaria","category-steam"],"post_mailing_queue_ids":[],"_links":{"self":[{"href":"https:\/\/agora.xtec.cat\/zer-pedrera\/wp-json\/wp\/v2\/posts\/10340","targetHints":{"allow":["GET"]}}],"collection":[{"href":"https:\/\/agora.xtec.cat\/zer-pedrera\/wp-json\/wp\/v2\/posts"}],"about":[{"href":"https:\/\/agora.xtec.cat\/zer-pedrera\/wp-json\/wp\/v2\/types\/post"}],"author":[{"embeddable":true,"href":"https:\/\/agora.xtec.cat\/zer-pedrera\/wp-json\/wp\/v2\/users\/1"}],"replies":[{"embeddable":true,"href":"https:\/\/agora.xtec.cat\/zer-pedrera\/wp-json\/wp\/v2\/comments?post=10340"}],"version-history":[{"count":1,"href":"https:\/\/agora.xtec.cat\/zer-pedrera\/wp-json\/wp\/v2\/posts\/10340\/revisions"}],"predecessor-version":[{"id":10342,"href":"https:\/\/agora.xtec.cat\/zer-pedrera\/wp-json\/wp\/v2\/posts\/10340\/revisions\/10342"}],"wp:featuredmedia":[{"embeddable":true,"href":"https:\/\/agora.xtec.cat\/zer-pedrera\/wp-json\/wp\/v2\/media\/10341"}],"wp:attachment":[{"href":"https:\/\/agora.xtec.cat\/zer-pedrera\/wp-json\/wp\/v2\/media?parent=10340"}],"wp:term":[{"taxonomy":"category","embeddable":true,"href":"https:\/\/agora.xtec.cat\/zer-pedrera\/wp-json\/wp\/v2\/categories?post=10340"},{"taxonomy":"post_tag","embeddable":true,"href":"https:\/\/agora.xtec.cat\/zer-pedrera\/wp-json\/wp\/v2\/tags?post=10340"}],"curies":[{"name":"wp","href":"https:\/\/api.w.org\/{rel}","templated":true}]}}