{"id":10302,"date":"2026-02-20T10:27:05","date_gmt":"2026-02-20T09:27:05","guid":{"rendered":"https:\/\/agora.xtec.cat\/zer-pedrera\/?p=10302"},"modified":"2026-02-20T10:27:05","modified_gmt":"2026-02-20T09:27:05","slug":"a-lescola-abat-ruera-fem-mascares-de-guix-per-carnaval","status":"publish","type":"post","link":"https:\/\/agora.xtec.cat\/zer-pedrera\/general\/a-lescola-abat-ruera-fem-mascares-de-guix-per-carnaval\/","title":{"rendered":"A l&#8217;Escola Abat Ruera fem m\u00e0scares de guix per Carnaval!"},"content":{"rendered":"<p>A la nostra escola, ens hem endinsat en una activitat molt especial: fer m\u00e0scares de guix per Carnaval. L\u2019alumnat ha pogut deixar volar la seva imaginaci\u00f3, dissenyant m\u00e0scares \u00faniques i plenes de creativitat.<\/p>\n<p>Durant l\u2019activitat, hem apr\u00e8s a treballar amb guix, modelant formes, aplicant textures i pintant els detalls finals. Ha estat un proc\u00e9s molt enriquidor, que combina art, paci\u00e8ncia i diversi\u00f3.<\/p>\n<p>Per veure m\u00e9s fotografies, feu clic sobre la imatge.<\/p>\n<p><a href=\"https:\/\/photos.app.goo.gl\/gkC3YEX2taXznvzbA\"><img loading=\"lazy\" decoding=\"async\" class=\"alignnone size-full wp-image-10303\" src=\"https:\/\/agora.xtec.cat\/zer-pedrera\/wp-content\/uploads\/usu1473\/2026\/02\/portada-6.jpg\" alt=\"\" width=\"300\" height=\"169\" \/><\/a><\/p>\n","protected":false},"excerpt":{"rendered":"<p>A la nostra escola, ens hem endinsat en una activitat molt especial: fer m\u00e0scares de guix per Carnaval. L\u2019alumnat ha pogut deixar volar la seva imaginaci\u00f3, dissenyant m\u00e0scares \u00faniques i plenes de creativitat.<br \/>\nDurant l\u2019activitat, hem apr\u00e8s a treballar amb guix, modelant formes, aplicant textures i&hellip;  <a href=\"https:\/\/agora.xtec.cat\/zer-pedrera\/general\/a-lescola-abat-ruera-fem-mascares-de-guix-per-carnaval\/\" title=\"Read A l&#8217;Escola Abat Ruera fem m\u00e0scares de guix per Carnaval!\">Llegeix m\u00e9s\u00bb<\/a><\/p>\n","protected":false},"author":1,"featured_media":10303,"comment_status":"open","ping_status":"open","sticky":false,"template":"","format":"standard","meta":{"_bbp_topic_count":0,"_bbp_reply_count":0,"_bbp_total_topic_count":0,"_bbp_total_reply_count":0,"_bbp_voice_count":0,"_bbp_anonymous_reply_count":0,"_bbp_topic_count_hidden":0,"_bbp_reply_count_hidden":0,"_bbp_forum_subforum_count":0,"footnotes":""},"categories":[113,110,1,119,29,89],"tags":[],"class_list":["post-10302","post","type-post","status-publish","format-standard","has-post-thumbnail","hentry","category-e-infantil","category-escola-abat-ruera","category-general","category-plastica","category-portada","category-primaria"],"post_mailing_queue_ids":[],"_links":{"self":[{"href":"https:\/\/agora.xtec.cat\/zer-pedrera\/wp-json\/wp\/v2\/posts\/10302","targetHints":{"allow":["GET"]}}],"collection":[{"href":"https:\/\/agora.xtec.cat\/zer-pedrera\/wp-json\/wp\/v2\/posts"}],"about":[{"href":"https:\/\/agora.xtec.cat\/zer-pedrera\/wp-json\/wp\/v2\/types\/post"}],"author":[{"embeddable":true,"href":"https:\/\/agora.xtec.cat\/zer-pedrera\/wp-json\/wp\/v2\/users\/1"}],"replies":[{"embeddable":true,"href":"https:\/\/agora.xtec.cat\/zer-pedrera\/wp-json\/wp\/v2\/comments?post=10302"}],"version-history":[{"count":1,"href":"https:\/\/agora.xtec.cat\/zer-pedrera\/wp-json\/wp\/v2\/posts\/10302\/revisions"}],"predecessor-version":[{"id":10304,"href":"https:\/\/agora.xtec.cat\/zer-pedrera\/wp-json\/wp\/v2\/posts\/10302\/revisions\/10304"}],"wp:featuredmedia":[{"embeddable":true,"href":"https:\/\/agora.xtec.cat\/zer-pedrera\/wp-json\/wp\/v2\/media\/10303"}],"wp:attachment":[{"href":"https:\/\/agora.xtec.cat\/zer-pedrera\/wp-json\/wp\/v2\/media?parent=10302"}],"wp:term":[{"taxonomy":"category","embeddable":true,"href":"https:\/\/agora.xtec.cat\/zer-pedrera\/wp-json\/wp\/v2\/categories?post=10302"},{"taxonomy":"post_tag","embeddable":true,"href":"https:\/\/agora.xtec.cat\/zer-pedrera\/wp-json\/wp\/v2\/tags?post=10302"}],"curies":[{"name":"wp","href":"https:\/\/api.w.org\/{rel}","templated":true}]}}