{"id":10289,"date":"2026-02-11T16:59:46","date_gmt":"2026-02-11T15:59:46","guid":{"rendered":"https:\/\/agora.xtec.cat\/zer-pedrera\/?p=10289"},"modified":"2026-02-28T09:37:29","modified_gmt":"2026-02-28T08:37:29","slug":"escola-abat-ruera-racons-de-carnestoltes-a-educacio-infantil","status":"publish","type":"post","link":"https:\/\/agora.xtec.cat\/zer-pedrera\/general\/escola-abat-ruera-racons-de-carnestoltes-a-educacio-infantil\/","title":{"rendered":"Escola Abat Ruera. Racons de Carnestoltes a Educaci\u00f3 Infantil!"},"content":{"rendered":"<p data-start=\"132\" data-end=\"403\">Aquesta setmana, la nostra classe s\u2019ha omplert de colors, m\u00e0scares i molta diversi\u00f3! Hem fet racons amb tem\u00e0tica de Carnestoltes, on cada grup ha pogut aprendre amb diferents propostes.<\/p>\n<p data-start=\"132\" data-end=\"403\">Per veure m\u00e9s fotografies, feu clic sobre la imatge.<\/p>\n<p data-start=\"132\" data-end=\"403\"><a href=\"https:\/\/photos.app.goo.gl\/76QrKuuxSXh4fXUK6\"><img loading=\"lazy\" decoding=\"async\" class=\"alignnone size-full wp-image-10291\" src=\"https:\/\/agora.xtec.cat\/zer-pedrera\/wp-content\/uploads\/usu1473\/2026\/02\/portada-5.jpg\" alt=\"\" width=\"300\" height=\"450\" srcset=\"https:\/\/agora.xtec.cat\/zer-pedrera\/wp-content\/uploads\/usu1473\/2026\/02\/portada-5.jpg 300w, https:\/\/agora.xtec.cat\/zer-pedrera\/wp-content\/uploads\/usu1473\/2026\/02\/portada-5-200x300.jpg 200w\" sizes=\"auto, (max-width: 300px) 100vw, 300px\" \/><\/a><\/p>\n","protected":false},"excerpt":{"rendered":"<p>Aquesta setmana, la nostra classe s\u2019ha omplert de colors, m\u00e0scares i molta diversi\u00f3! Hem fet racons amb tem\u00e0tica de Carnestoltes, on cada grup ha pogut aprendre amb diferents propostes.<br \/>\nPer veure m\u00e9s fotografies, feu clic sobre la imatge.<br \/>\n<a href=\"https:\/\/photos.app.goo.gl\/76QrKuuxSXh4fXUK6\"><\/a><\/p>\n","protected":false},"author":1,"featured_media":10291,"comment_status":"open","ping_status":"open","sticky":false,"template":"","format":"standard","meta":{"_bbp_topic_count":0,"_bbp_reply_count":0,"_bbp_total_topic_count":0,"_bbp_total_reply_count":0,"_bbp_voice_count":0,"_bbp_anonymous_reply_count":0,"_bbp_topic_count_hidden":0,"_bbp_reply_count_hidden":0,"_bbp_forum_subforum_count":0,"footnotes":""},"categories":[113,110,1,120],"tags":[],"class_list":["post-10289","post","type-post","status-publish","format-standard","has-post-thumbnail","hentry","category-e-infantil","category-escola-abat-ruera","category-general","category-projectes"],"post_mailing_queue_ids":[],"_links":{"self":[{"href":"https:\/\/agora.xtec.cat\/zer-pedrera\/wp-json\/wp\/v2\/posts\/10289","targetHints":{"allow":["GET"]}}],"collection":[{"href":"https:\/\/agora.xtec.cat\/zer-pedrera\/wp-json\/wp\/v2\/posts"}],"about":[{"href":"https:\/\/agora.xtec.cat\/zer-pedrera\/wp-json\/wp\/v2\/types\/post"}],"author":[{"embeddable":true,"href":"https:\/\/agora.xtec.cat\/zer-pedrera\/wp-json\/wp\/v2\/users\/1"}],"replies":[{"embeddable":true,"href":"https:\/\/agora.xtec.cat\/zer-pedrera\/wp-json\/wp\/v2\/comments?post=10289"}],"version-history":[{"count":1,"href":"https:\/\/agora.xtec.cat\/zer-pedrera\/wp-json\/wp\/v2\/posts\/10289\/revisions"}],"predecessor-version":[{"id":10292,"href":"https:\/\/agora.xtec.cat\/zer-pedrera\/wp-json\/wp\/v2\/posts\/10289\/revisions\/10292"}],"wp:featuredmedia":[{"embeddable":true,"href":"https:\/\/agora.xtec.cat\/zer-pedrera\/wp-json\/wp\/v2\/media\/10291"}],"wp:attachment":[{"href":"https:\/\/agora.xtec.cat\/zer-pedrera\/wp-json\/wp\/v2\/media?parent=10289"}],"wp:term":[{"taxonomy":"category","embeddable":true,"href":"https:\/\/agora.xtec.cat\/zer-pedrera\/wp-json\/wp\/v2\/categories?post=10289"},{"taxonomy":"post_tag","embeddable":true,"href":"https:\/\/agora.xtec.cat\/zer-pedrera\/wp-json\/wp\/v2\/tags?post=10289"}],"curies":[{"name":"wp","href":"https:\/\/api.w.org\/{rel}","templated":true}]}}