{"id":10286,"date":"2026-04-17T12:08:19","date_gmt":"2026-04-17T10:08:19","guid":{"rendered":"https:\/\/agora.xtec.cat\/zer-pedrera\/?p=10286"},"modified":"2026-04-17T12:08:19","modified_gmt":"2026-04-17T10:08:19","slug":"els-petits-de-lescola-abat-ruera-hem-descobert-lhivern","status":"publish","type":"post","link":"https:\/\/agora.xtec.cat\/zer-pedrera\/general\/els-petits-de-lescola-abat-ruera-hem-descobert-lhivern\/","title":{"rendered":"Els petits de l&#8217;Escola Abat Ruera hem descobert l&#8217;hivern."},"content":{"rendered":"<p data-start=\"56\" data-end=\"212\">Els nens i nenes d&#8217;educaci\u00f3 infantil hem descobert moltes coses sobre l\u2019hivern! Hem parlat del fred, de la neu, del vent i de com canvia la natura durant aquesta estaci\u00f3.<\/p>\n<p data-start=\"214\" data-end=\"514\">Ens ha encantat observar els canvis que passen a fora: els arbres sense fulles, els animals que s\u2019amaguen o canvien el seu aspecte i les nits m\u00e9s llargues. Tamb\u00e9 hem apr\u00e8s com protegir-nos del fred, posant-nos abrics, gorres, bufandes i guants, i per qu\u00e8 \u00e9s important cuidar-nos quan fa molt de fred.<\/p>\n<p data-start=\"516\" data-end=\"740\">A m\u00e9s, hem fet activitats molt divertides: dibuixos, minimons, jocs per entendre com es forma la neu i contes sobre aventures hivernals. Tot aix\u00f2 ens ha ajudat a aprendre jugant i a con\u00e8ixer millor la natura que ens envolta.<\/p>\n<p data-start=\"742\" data-end=\"904\">Ara que ja ha arribat la primavera, podem ensenyar i compartir tot el que hem apr\u00e8s i fet durant l\u2019hivern, recordant amb il\u00b7lusi\u00f3 totes les experi\u00e8ncies viscudes.<\/p>\n<p data-start=\"906\" data-end=\"1006\" data-is-last-node=\"\" data-is-only-node=\"\">Estem molt contents de descobrir tot el que l\u2019hivern ens porta, i cada dia aprenem alguna cosa nova!<\/p>\n<p>Per veure m\u00e9s fotografies, feu clic sobre la imatge.<\/p>\n<p><a href=\"https:\/\/photos.app.goo.gl\/n6i1pjG2azLS9KAp6\"><img loading=\"lazy\" decoding=\"async\" class=\"alignnone size-full wp-image-10490\" src=\"https:\/\/agora.xtec.cat\/zer-pedrera\/wp-content\/uploads\/usu1473\/2026\/04\/PORTADA-4.jpg\" alt=\"\" width=\"300\" height=\"212\" \/><\/a><\/p>\n<p>&nbsp;<\/p>\n<p>&nbsp;<\/p>\n<p>&nbsp;<\/p>\n","protected":false},"excerpt":{"rendered":"<p>Els nens i nenes d&#8217;educaci\u00f3 infantil hem descobert moltes coses sobre l\u2019hivern! Hem parlat del fred, de la neu, del vent i de com canvia la natura durant aquesta estaci\u00f3.<br \/>\nEns ha encantat observar els canvis que passen a fora: els arbres sense fulles, els animals&hellip;  <a href=\"https:\/\/agora.xtec.cat\/zer-pedrera\/general\/els-petits-de-lescola-abat-ruera-hem-descobert-lhivern\/\" title=\"Read Els petits de l&#8217;Escola Abat Ruera hem descobert l&#8217;hivern.\">Llegeix m\u00e9s\u00bb<\/a><\/p>\n","protected":false},"author":1,"featured_media":10490,"comment_status":"open","ping_status":"open","sticky":false,"template":"","format":"standard","meta":{"_bbp_topic_count":0,"_bbp_reply_count":0,"_bbp_total_topic_count":0,"_bbp_total_reply_count":0,"_bbp_voice_count":0,"_bbp_anonymous_reply_count":0,"_bbp_topic_count_hidden":0,"_bbp_reply_count_hidden":0,"_bbp_forum_subforum_count":0,"footnotes":""},"categories":[125,113,110,1,126,116,119,29,120],"tags":[],"class_list":["post-10286","post","type-post","status-publish","format-standard","has-post-thumbnail","hentry","category-catala","category-e-infantil","category-escola-abat-ruera","category-general","category-matematiques","category-medi","category-plastica","category-portada","category-projectes"],"post_mailing_queue_ids":[],"_links":{"self":[{"href":"https:\/\/agora.xtec.cat\/zer-pedrera\/wp-json\/wp\/v2\/posts\/10286","targetHints":{"allow":["GET"]}}],"collection":[{"href":"https:\/\/agora.xtec.cat\/zer-pedrera\/wp-json\/wp\/v2\/posts"}],"about":[{"href":"https:\/\/agora.xtec.cat\/zer-pedrera\/wp-json\/wp\/v2\/types\/post"}],"author":[{"embeddable":true,"href":"https:\/\/agora.xtec.cat\/zer-pedrera\/wp-json\/wp\/v2\/users\/1"}],"replies":[{"embeddable":true,"href":"https:\/\/agora.xtec.cat\/zer-pedrera\/wp-json\/wp\/v2\/comments?post=10286"}],"version-history":[{"count":4,"href":"https:\/\/agora.xtec.cat\/zer-pedrera\/wp-json\/wp\/v2\/posts\/10286\/revisions"}],"predecessor-version":[{"id":10491,"href":"https:\/\/agora.xtec.cat\/zer-pedrera\/wp-json\/wp\/v2\/posts\/10286\/revisions\/10491"}],"wp:featuredmedia":[{"embeddable":true,"href":"https:\/\/agora.xtec.cat\/zer-pedrera\/wp-json\/wp\/v2\/media\/10490"}],"wp:attachment":[{"href":"https:\/\/agora.xtec.cat\/zer-pedrera\/wp-json\/wp\/v2\/media?parent=10286"}],"wp:term":[{"taxonomy":"category","embeddable":true,"href":"https:\/\/agora.xtec.cat\/zer-pedrera\/wp-json\/wp\/v2\/categories?post=10286"},{"taxonomy":"post_tag","embeddable":true,"href":"https:\/\/agora.xtec.cat\/zer-pedrera\/wp-json\/wp\/v2\/tags?post=10286"}],"curies":[{"name":"wp","href":"https:\/\/api.w.org\/{rel}","templated":true}]}}