{"id":10258,"date":"2026-02-11T15:44:25","date_gmt":"2026-02-11T14:44:25","guid":{"rendered":"https:\/\/agora.xtec.cat\/zer-pedrera\/?p=10258"},"modified":"2026-02-11T15:44:25","modified_gmt":"2026-02-11T14:44:25","slug":"els-alumnes-de-cicle-mitja-de-lescola-abat-ruera-estan-preparats-per-emergencies","status":"publish","type":"post","link":"https:\/\/agora.xtec.cat\/zer-pedrera\/general\/els-alumnes-de-cicle-mitja-de-lescola-abat-ruera-estan-preparats-per-emergencies\/","title":{"rendered":"Els alumnes de Cicle Mitj\u00e0 de l&#8217;Escola Abat Ruera estan preparats per emerg\u00e8ncies!"},"content":{"rendered":"<p>Durant les dues \u00faltimes sessions de medi hem estat treballant la prevenci\u00f3 de riscos i la protecci\u00f3 davant de les emerg\u00e8ncies. Al llarg d\u2019aquestes sessions hem realitzat diverses activitats que ens han ajudat a aprendre moltes coses importants, tant per prevenir possibles riscos com per saber com reaccionar correctament en situacions d\u2019emerg\u00e8ncia.<br \/>\nPer acabar, hem posat en pr\u00e0ctica tot el que hem apr\u00e8s elaborant el nostre propi kit per a futures emerg\u00e8ncies.<\/p>\n<p>Per veure m\u00e9s fotografies, feu clic sobre la imatge.<\/p>\n<p><a href=\"https:\/\/photos.app.goo.gl\/3phkvdJq8mruBnPU7\"><img loading=\"lazy\" decoding=\"async\" class=\"alignnone size-full wp-image-10281\" src=\"https:\/\/agora.xtec.cat\/zer-pedrera\/wp-content\/uploads\/usu1473\/2026\/02\/portada-4.jpg\" alt=\"\" width=\"300\" height=\"225\" srcset=\"https:\/\/agora.xtec.cat\/zer-pedrera\/wp-content\/uploads\/usu1473\/2026\/02\/portada-4.jpg 300w, https:\/\/agora.xtec.cat\/zer-pedrera\/wp-content\/uploads\/usu1473\/2026\/02\/portada-4-200x150.jpg 200w\" sizes=\"auto, (max-width: 300px) 100vw, 300px\" \/><\/a><\/p>\n","protected":false},"excerpt":{"rendered":"<p>Durant les dues \u00faltimes sessions de medi hem estat treballant la prevenci\u00f3 de riscos i la protecci\u00f3 davant de les emerg\u00e8ncies. Al llarg d\u2019aquestes sessions hem realitzat diverses activitats que ens han ajudat a aprendre moltes coses importants, tant per prevenir possibles riscos com per&hellip;  <a href=\"https:\/\/agora.xtec.cat\/zer-pedrera\/general\/els-alumnes-de-cicle-mitja-de-lescola-abat-ruera-estan-preparats-per-emergencies\/\" title=\"Read Els alumnes de Cicle Mitj\u00e0 de l&#8217;Escola Abat Ruera estan preparats per emerg\u00e8ncies!\">Llegeix m\u00e9s\u00bb<\/a><\/p>\n","protected":false},"author":1,"featured_media":10260,"comment_status":"open","ping_status":"open","sticky":false,"template":"","format":"standard","meta":{"_bbp_topic_count":0,"_bbp_reply_count":0,"_bbp_total_topic_count":0,"_bbp_total_reply_count":0,"_bbp_voice_count":0,"_bbp_anonymous_reply_count":0,"_bbp_topic_count_hidden":0,"_bbp_reply_count_hidden":0,"_bbp_forum_subforum_count":0,"footnotes":""},"categories":[110,1,116,29,89],"tags":[],"class_list":["post-10258","post","type-post","status-publish","format-standard","has-post-thumbnail","hentry","category-escola-abat-ruera","category-general","category-medi","category-portada","category-primaria"],"post_mailing_queue_ids":[],"_links":{"self":[{"href":"https:\/\/agora.xtec.cat\/zer-pedrera\/wp-json\/wp\/v2\/posts\/10258","targetHints":{"allow":["GET"]}}],"collection":[{"href":"https:\/\/agora.xtec.cat\/zer-pedrera\/wp-json\/wp\/v2\/posts"}],"about":[{"href":"https:\/\/agora.xtec.cat\/zer-pedrera\/wp-json\/wp\/v2\/types\/post"}],"author":[{"embeddable":true,"href":"https:\/\/agora.xtec.cat\/zer-pedrera\/wp-json\/wp\/v2\/users\/1"}],"replies":[{"embeddable":true,"href":"https:\/\/agora.xtec.cat\/zer-pedrera\/wp-json\/wp\/v2\/comments?post=10258"}],"version-history":[{"count":1,"href":"https:\/\/agora.xtec.cat\/zer-pedrera\/wp-json\/wp\/v2\/posts\/10258\/revisions"}],"predecessor-version":[{"id":10282,"href":"https:\/\/agora.xtec.cat\/zer-pedrera\/wp-json\/wp\/v2\/posts\/10258\/revisions\/10282"}],"wp:featuredmedia":[{"embeddable":true,"href":"https:\/\/agora.xtec.cat\/zer-pedrera\/wp-json\/wp\/v2\/media\/10260"}],"wp:attachment":[{"href":"https:\/\/agora.xtec.cat\/zer-pedrera\/wp-json\/wp\/v2\/media?parent=10258"}],"wp:term":[{"taxonomy":"category","embeddable":true,"href":"https:\/\/agora.xtec.cat\/zer-pedrera\/wp-json\/wp\/v2\/categories?post=10258"},{"taxonomy":"post_tag","embeddable":true,"href":"https:\/\/agora.xtec.cat\/zer-pedrera\/wp-json\/wp\/v2\/tags?post=10258"}],"curies":[{"name":"wp","href":"https:\/\/api.w.org\/{rel}","templated":true}]}}