{"id":10249,"date":"2026-02-11T15:44:03","date_gmt":"2026-02-11T14:44:03","guid":{"rendered":"https:\/\/agora.xtec.cat\/zer-pedrera\/?p=10249"},"modified":"2026-02-11T17:01:41","modified_gmt":"2026-02-11T16:01:41","slug":"a-lescola-abat-ruera-acomiadem-a-lanna","status":"publish","type":"post","link":"https:\/\/agora.xtec.cat\/zer-pedrera\/general\/a-lescola-abat-ruera-acomiadem-a-lanna\/","title":{"rendered":"A l&#8217;Escola Abat Ruera acomiadem a l&#8217;Anna."},"content":{"rendered":"<p>La setmana passada vam acomiadar l\u2019Anna, que ha fet les pr\u00e0ctiques de mestra de prim\u00e0ria a la nostra escola.<br \/>\nVolem agrair-li la dedicaci\u00f3, l\u2019esfor\u00e7 i la il\u00b7lusi\u00f3 amb qu\u00e8 ha viscut aquesta etapa, aix\u00ed com la seva implicaci\u00f3 en el dia a dia del centre.<br \/>\nLi desitgem molta sort en el seu futur professional i esperem que el seu pas per la nostra escola li hagi deixat un bon record.<br \/>\nGr\u00e0cies per tot, Anna!<\/p>\n<p>Per veure m\u00e9s fotografies, feu clic sobre la imatge.<\/p>\n<p><a href=\"https:\/\/photos.app.goo.gl\/M9nsPB8x3XF2DTZ78\"><img loading=\"lazy\" decoding=\"async\" class=\"alignnone size-full wp-image-10250\" src=\"https:\/\/agora.xtec.cat\/zer-pedrera\/wp-content\/uploads\/usu1473\/2026\/02\/portada.jpg\" alt=\"\" width=\"300\" height=\"400\" srcset=\"https:\/\/agora.xtec.cat\/zer-pedrera\/wp-content\/uploads\/usu1473\/2026\/02\/portada.jpg 300w, https:\/\/agora.xtec.cat\/zer-pedrera\/wp-content\/uploads\/usu1473\/2026\/02\/portada-225x300.jpg 225w\" sizes=\"auto, (max-width: 300px) 100vw, 300px\" \/><\/a><\/p>\n","protected":false},"excerpt":{"rendered":"<p>La setmana passada vam acomiadar l\u2019Anna, que ha fet les pr\u00e0ctiques de mestra de prim\u00e0ria a la nostra escola.<br \/>\nVolem agrair-li la dedicaci\u00f3, l\u2019esfor\u00e7 i la il\u00b7lusi\u00f3 amb qu\u00e8 ha viscut aquesta etapa, aix\u00ed com la seva implicaci\u00f3 en el dia a dia del centre.<br \/>\nLi desitgem&hellip;  <a href=\"https:\/\/agora.xtec.cat\/zer-pedrera\/general\/a-lescola-abat-ruera-acomiadem-a-lanna\/\" title=\"Read A l&#8217;Escola Abat Ruera acomiadem a l&#8217;Anna.\">Llegeix m\u00e9s\u00bb<\/a><\/p>\n","protected":false},"author":1,"featured_media":10250,"comment_status":"open","ping_status":"open","sticky":false,"template":"","format":"standard","meta":{"_bbp_topic_count":0,"_bbp_reply_count":0,"_bbp_total_topic_count":0,"_bbp_total_reply_count":0,"_bbp_voice_count":0,"_bbp_anonymous_reply_count":0,"_bbp_topic_count_hidden":0,"_bbp_reply_count_hidden":0,"_bbp_forum_subforum_count":0,"footnotes":""},"categories":[113,110,1,29,89],"tags":[],"class_list":["post-10249","post","type-post","status-publish","format-standard","has-post-thumbnail","hentry","category-e-infantil","category-escola-abat-ruera","category-general","category-portada","category-primaria"],"post_mailing_queue_ids":[],"_links":{"self":[{"href":"https:\/\/agora.xtec.cat\/zer-pedrera\/wp-json\/wp\/v2\/posts\/10249","targetHints":{"allow":["GET"]}}],"collection":[{"href":"https:\/\/agora.xtec.cat\/zer-pedrera\/wp-json\/wp\/v2\/posts"}],"about":[{"href":"https:\/\/agora.xtec.cat\/zer-pedrera\/wp-json\/wp\/v2\/types\/post"}],"author":[{"embeddable":true,"href":"https:\/\/agora.xtec.cat\/zer-pedrera\/wp-json\/wp\/v2\/users\/1"}],"replies":[{"embeddable":true,"href":"https:\/\/agora.xtec.cat\/zer-pedrera\/wp-json\/wp\/v2\/comments?post=10249"}],"version-history":[{"count":2,"href":"https:\/\/agora.xtec.cat\/zer-pedrera\/wp-json\/wp\/v2\/posts\/10249\/revisions"}],"predecessor-version":[{"id":10252,"href":"https:\/\/agora.xtec.cat\/zer-pedrera\/wp-json\/wp\/v2\/posts\/10249\/revisions\/10252"}],"wp:featuredmedia":[{"embeddable":true,"href":"https:\/\/agora.xtec.cat\/zer-pedrera\/wp-json\/wp\/v2\/media\/10250"}],"wp:attachment":[{"href":"https:\/\/agora.xtec.cat\/zer-pedrera\/wp-json\/wp\/v2\/media?parent=10249"}],"wp:term":[{"taxonomy":"category","embeddable":true,"href":"https:\/\/agora.xtec.cat\/zer-pedrera\/wp-json\/wp\/v2\/categories?post=10249"},{"taxonomy":"post_tag","embeddable":true,"href":"https:\/\/agora.xtec.cat\/zer-pedrera\/wp-json\/wp\/v2\/tags?post=10249"}],"curies":[{"name":"wp","href":"https:\/\/api.w.org\/{rel}","templated":true}]}}