{"id":10241,"date":"2026-02-09T19:24:05","date_gmt":"2026-02-09T18:24:05","guid":{"rendered":"https:\/\/agora.xtec.cat\/zer-pedrera\/?p=10241"},"modified":"2026-02-20T15:44:03","modified_gmt":"2026-02-20T14:44:03","slug":"setmana-de-carnaval-escola-porcel-de-cervera","status":"publish","type":"post","link":"https:\/\/agora.xtec.cat\/zer-pedrera\/general\/setmana-de-carnaval-escola-porcel-de-cervera\/","title":{"rendered":"Setmana de Carnaval. Escola Porcel de Cervera."},"content":{"rendered":"<p data-start=\"205\" data-end=\"680\">Per fi ha arribat una de les setmanes m\u00e9s divertides i esbojarrades del curs: la setmana de Carnestoltes<strong data-start=\"283\" data-end=\"314\">!<\/strong>\u00a0<br data-start=\"319\" data-end=\"322\" \/>Aquest any el Rei Carnestoltes s\u2019ha fet esperar una mica i no ha arribat fins aquesta tarda, per\u00f2 divendres ja ens va fer saber que s\u2019acostava. Mentre venia cap a l\u2019escola, ens va enviar un missatge a l\u2019alumnat i a les fam\u00edlies amb les ordres que haurem de complir durant tota la setmana per superar les proves divertides i poder celebrar la festa final. Com a novetat d\u2019aquest any, i tenint en compte que divendres \u00e9s festiu i no es fa la trobada de ZER, la celebraci\u00f3 es dur\u00e0 a terme en petit comit\u00e8, nom\u00e9s amb l\u2019alumnat i el claustre de mestres. Tot i aix\u00f2, estem segurs que no hi faltar\u00e0 la gresca, la xerinola i el bon humor, perqu\u00e8 a la nostra escola la festa i la diversi\u00f3 sempre estan garantides!<\/p>\n<p data-start=\"1044\" data-end=\"1264\">Al llarg de la setmana seguirem les consignes del Rei Carnestoltes, amb diferents vestimentes i complements cada dia.<br data-start=\"1165\" data-end=\"1168\" \/>Si voleu estar al dia de totes les ordres, cliqueu les imatges corresponents a cada jornada.<\/p>\n<p data-start=\"1298\" data-end=\"1371\">Prepareu-vos per uns dies plens de rialles, imaginaci\u00f3 i molta festa!<\/p>\n<p data-start=\"1298\" data-end=\"1371\"><strong>DILLUNS:\u00a0<\/strong>roba gran\u00a0<a href=\"https:\/\/photos.app.goo.gl\/gNjN9DKLpKGDD2Sx8\">https:\/\/photos.app.goo.gl\/gNjN9DKLpKGDD2Sx8<\/a><\/p>\n<p data-start=\"1298\" data-end=\"1371\"><strong>DIMARTS:<\/strong> pentinat esbojarrat <a href=\"https:\/\/photos.app.goo.gl\/H3TugqK8PUMXtR4v5\">https:\/\/photos.app.goo.gl\/H3TugqK8PUMXtR4v5<\/a><\/p>\n<p data-start=\"1298\" data-end=\"1371\"><strong>DIMECRES: <\/strong>roba d&#8217;un \u00fanic color\u00a0<a href=\"https:\/\/photos.app.goo.gl\/zzPMWX5aGmBBzKx7A\">https:\/\/photos.app.goo.gl\/zzPMWX5aGmBBzKx7A<\/a><\/p>\n<p data-start=\"1298\" data-end=\"1371\"><strong>DIJOUS\/DIMARTS:\u00a0<\/strong>vestits iguals que algun altre company-a\u00a0<a href=\"https:\/\/photos.app.goo.gl\/wAaqZp3LDRrYkg4F7\">https:\/\/photos.app.goo.gl\/wAaqZp3LDRrYkg4F7<\/a><\/p>\n","protected":false},"excerpt":{"rendered":"<p>Per fi ha arribat una de les setmanes m\u00e9s divertides i esbojarrades del curs: la setmana de Carnestoltes!\u00a0Aquest any el Rei Carnestoltes s\u2019ha fet esperar una mica i no ha arribat fins aquesta tarda, per\u00f2 divendres ja ens va fer saber que s\u2019acostava. Mentre venia&hellip;  <a href=\"https:\/\/agora.xtec.cat\/zer-pedrera\/general\/setmana-de-carnaval-escola-porcel-de-cervera\/\" title=\"Read Setmana de Carnaval. Escola Porcel de Cervera.\">Llegeix m\u00e9s\u00bb<\/a><\/p>\n","protected":false},"author":1,"featured_media":10243,"comment_status":"open","ping_status":"open","sticky":false,"template":"","format":"standard","meta":{"_bbp_topic_count":0,"_bbp_reply_count":0,"_bbp_total_topic_count":0,"_bbp_total_reply_count":0,"_bbp_voice_count":0,"_bbp_anonymous_reply_count":0,"_bbp_topic_count_hidden":0,"_bbp_reply_count_hidden":0,"_bbp_forum_subforum_count":0,"footnotes":""},"categories":[113,111,1,29,89],"tags":[],"class_list":["post-10241","post","type-post","status-publish","format-standard","has-post-thumbnail","hentry","category-e-infantil","category-escola-porcel-de-cervera","category-general","category-portada","category-primaria"],"post_mailing_queue_ids":[],"_links":{"self":[{"href":"https:\/\/agora.xtec.cat\/zer-pedrera\/wp-json\/wp\/v2\/posts\/10241","targetHints":{"allow":["GET"]}}],"collection":[{"href":"https:\/\/agora.xtec.cat\/zer-pedrera\/wp-json\/wp\/v2\/posts"}],"about":[{"href":"https:\/\/agora.xtec.cat\/zer-pedrera\/wp-json\/wp\/v2\/types\/post"}],"author":[{"embeddable":true,"href":"https:\/\/agora.xtec.cat\/zer-pedrera\/wp-json\/wp\/v2\/users\/1"}],"replies":[{"embeddable":true,"href":"https:\/\/agora.xtec.cat\/zer-pedrera\/wp-json\/wp\/v2\/comments?post=10241"}],"version-history":[{"count":6,"href":"https:\/\/agora.xtec.cat\/zer-pedrera\/wp-json\/wp\/v2\/posts\/10241\/revisions"}],"predecessor-version":[{"id":10320,"href":"https:\/\/agora.xtec.cat\/zer-pedrera\/wp-json\/wp\/v2\/posts\/10241\/revisions\/10320"}],"wp:featuredmedia":[{"embeddable":true,"href":"https:\/\/agora.xtec.cat\/zer-pedrera\/wp-json\/wp\/v2\/media\/10243"}],"wp:attachment":[{"href":"https:\/\/agora.xtec.cat\/zer-pedrera\/wp-json\/wp\/v2\/media?parent=10241"}],"wp:term":[{"taxonomy":"category","embeddable":true,"href":"https:\/\/agora.xtec.cat\/zer-pedrera\/wp-json\/wp\/v2\/categories?post=10241"},{"taxonomy":"post_tag","embeddable":true,"href":"https:\/\/agora.xtec.cat\/zer-pedrera\/wp-json\/wp\/v2\/tags?post=10241"}],"curies":[{"name":"wp","href":"https:\/\/api.w.org\/{rel}","templated":true}]}}