{"id":10220,"date":"2026-01-30T15:14:11","date_gmt":"2026-01-30T14:14:11","guid":{"rendered":"https:\/\/agora.xtec.cat\/zer-pedrera\/?p=10220"},"modified":"2026-01-31T09:58:05","modified_gmt":"2026-01-31T08:58:05","slug":"moltes-felicitats-thais-escola-porcel-de-cervera","status":"publish","type":"post","link":"https:\/\/agora.xtec.cat\/zer-pedrera\/general\/moltes-felicitats-thais-escola-porcel-de-cervera\/","title":{"rendered":"Moltes felicitats Tha\u00efs. Escola Porcel de Cervera."},"content":{"rendered":"<p><span dir=\"auto\" style=\"vertical-align: inherit;\"><span dir=\"auto\" style=\"vertical-align: inherit;\">Nuestra peque\u00f1ita del hogar, el pasado martes d\u00eda 28 celebr\u00f3 su cumplea\u00f1os. \u00a1Ya le hemos podido cambiar su colmena y ponerla con los compa\u00f1eros de 3 a\u00f1os! \u00a1Por la ma\u00f1ana lleg\u00f3 muy contenta a la escuela sabiendo que era su d\u00eda especial de protagonista y sus compa\u00f1eros no se hicieron esperar al felicitarla! Pas\u00f3 una ma\u00f1ana muy emocionante y se march\u00f3 muy contenta con su \u00e1lbum de dibujos y la varita de los superpoderes de hacerse mayor.<\/span><\/span><\/p>\n<p><span dir=\"auto\" style=\"vertical-align: inherit;\"><span dir=\"auto\" style=\"vertical-align: inherit;\">Muchas felicidades Tha\u00efs de parte de tus compa\u00f1eros-as y maestros de la escuela.<\/span><\/span><\/p>\n","protected":false},"excerpt":{"rendered":"<p>Nuestra peque\u00f1ita del hogar, el pasado martes d\u00eda 28 celebr\u00f3 su cumplea\u00f1os. \u00a1Ya le hemos podido cambiar su colmena y ponerla con los compa\u00f1eros de 3 a\u00f1os! \u00a1Por la ma\u00f1ana lleg\u00f3 muy contenta a la escuela sabiendo que era su d\u00eda especial de protagonista y&hellip;  <a href=\"https:\/\/agora.xtec.cat\/zer-pedrera\/general\/moltes-felicitats-thais-escola-porcel-de-cervera\/\" title=\"Read Moltes felicitats Tha\u00efs. Escola Porcel de Cervera.\">Llegeix m\u00e9s\u00bb<\/a><\/p>\n","protected":false},"author":1,"featured_media":10222,"comment_status":"open","ping_status":"open","sticky":false,"template":"","format":"standard","meta":{"_bbp_topic_count":0,"_bbp_reply_count":0,"_bbp_total_topic_count":0,"_bbp_total_reply_count":0,"_bbp_voice_count":0,"_bbp_anonymous_reply_count":0,"_bbp_topic_count_hidden":0,"_bbp_reply_count_hidden":0,"_bbp_forum_subforum_count":0,"footnotes":""},"categories":[146,113,111,1],"tags":[],"class_list":["post-10220","post","type-post","status-publish","format-standard","has-post-thumbnail","hentry","category-aniversaris","category-e-infantil","category-escola-porcel-de-cervera","category-general"],"post_mailing_queue_ids":[],"_links":{"self":[{"href":"https:\/\/agora.xtec.cat\/zer-pedrera\/wp-json\/wp\/v2\/posts\/10220","targetHints":{"allow":["GET"]}}],"collection":[{"href":"https:\/\/agora.xtec.cat\/zer-pedrera\/wp-json\/wp\/v2\/posts"}],"about":[{"href":"https:\/\/agora.xtec.cat\/zer-pedrera\/wp-json\/wp\/v2\/types\/post"}],"author":[{"embeddable":true,"href":"https:\/\/agora.xtec.cat\/zer-pedrera\/wp-json\/wp\/v2\/users\/1"}],"replies":[{"embeddable":true,"href":"https:\/\/agora.xtec.cat\/zer-pedrera\/wp-json\/wp\/v2\/comments?post=10220"}],"version-history":[{"count":2,"href":"https:\/\/agora.xtec.cat\/zer-pedrera\/wp-json\/wp\/v2\/posts\/10220\/revisions"}],"predecessor-version":[{"id":10230,"href":"https:\/\/agora.xtec.cat\/zer-pedrera\/wp-json\/wp\/v2\/posts\/10220\/revisions\/10230"}],"wp:featuredmedia":[{"embeddable":true,"href":"https:\/\/agora.xtec.cat\/zer-pedrera\/wp-json\/wp\/v2\/media\/10222"}],"wp:attachment":[{"href":"https:\/\/agora.xtec.cat\/zer-pedrera\/wp-json\/wp\/v2\/media?parent=10220"}],"wp:term":[{"taxonomy":"category","embeddable":true,"href":"https:\/\/agora.xtec.cat\/zer-pedrera\/wp-json\/wp\/v2\/categories?post=10220"},{"taxonomy":"post_tag","embeddable":true,"href":"https:\/\/agora.xtec.cat\/zer-pedrera\/wp-json\/wp\/v2\/tags?post=10220"}],"curies":[{"name":"wp","href":"https:\/\/api.w.org\/{rel}","templated":true}]}}