{"id":10209,"date":"2026-01-30T13:13:59","date_gmt":"2026-01-30T12:13:59","guid":{"rendered":"https:\/\/agora.xtec.cat\/zer-pedrera\/?p=10209"},"modified":"2026-01-30T13:16:10","modified_gmt":"2026-01-30T12:16:10","slug":"escola-abat-ruera-el-marc-fa-7-anys","status":"publish","type":"post","link":"https:\/\/agora.xtec.cat\/zer-pedrera\/escola-abat-ruera\/escola-abat-ruera-el-marc-fa-7-anys\/","title":{"rendered":"Escola Abat Ruera. El Marc fa 7 anys!"},"content":{"rendered":"<p data-start=\"94\" data-end=\"224\">Avui \u00e9s un dia molt especial perqu\u00e8 el Marc fa 7 anys! \u00c9s\u00a0el primer aniversari de l\u2019any a l\u2019escola i aix\u00f2 ens fa molta il\u00b7lusi\u00f3.<\/p>\n<p data-start=\"226\" data-end=\"342\">Et desitgem que passis un dia molt feli\u00e7, ple de somriures, jocs i moments bonics amb els teus companys i companyes.<\/p>\n<p data-start=\"344\" data-end=\"367\">Per molts anys! \ud83c\udf82\u2728<\/p>\n<p data-start=\"344\" data-end=\"367\"><a href=\"https:\/\/agora.xtec.cat\/zer-pedrera\/wp-content\/uploads\/usu1473\/2026\/01\/WhatsApp-Image-2026-01-30-at-13.11.10.jpeg\"><img loading=\"lazy\" decoding=\"async\" class=\"alignnone size-large wp-image-10213\" src=\"https:\/\/agora.xtec.cat\/zer-pedrera\/wp-content\/uploads\/usu1473\/2026\/01\/WhatsApp-Image-2026-01-30-at-13.11.10-768x1024.jpeg\" alt=\"\" width=\"768\" height=\"1024\" srcset=\"https:\/\/agora.xtec.cat\/zer-pedrera\/wp-content\/uploads\/usu1473\/2026\/01\/WhatsApp-Image-2026-01-30-at-13.11.10-768x1024.jpeg 768w, https:\/\/agora.xtec.cat\/zer-pedrera\/wp-content\/uploads\/usu1473\/2026\/01\/WhatsApp-Image-2026-01-30-at-13.11.10-225x300.jpeg 225w, https:\/\/agora.xtec.cat\/zer-pedrera\/wp-content\/uploads\/usu1473\/2026\/01\/WhatsApp-Image-2026-01-30-at-13.11.10-1152x1536.jpeg 1152w, https:\/\/agora.xtec.cat\/zer-pedrera\/wp-content\/uploads\/usu1473\/2026\/01\/WhatsApp-Image-2026-01-30-at-13.11.10.jpeg 1200w\" sizes=\"auto, (max-width: 768px) 100vw, 768px\" \/><\/a><\/p>\n","protected":false},"excerpt":{"rendered":"<p>Avui \u00e9s un dia molt especial perqu\u00e8 el Marc fa 7 anys! \u00c9s\u00a0el primer aniversari de l\u2019any a l\u2019escola i aix\u00f2 ens fa molta il\u00b7lusi\u00f3.<br \/>\nEt desitgem que passis un dia molt feli\u00e7, ple de somriures, jocs i moments bonics amb els teus companys i companyes.<br \/>\nPer&hellip;  <a href=\"https:\/\/agora.xtec.cat\/zer-pedrera\/escola-abat-ruera\/escola-abat-ruera-el-marc-fa-7-anys\/\" title=\"Read Escola Abat Ruera. El Marc fa 7 anys!\">Llegeix m\u00e9s\u00bb<\/a><\/p>\n","protected":false},"author":1,"featured_media":10213,"comment_status":"open","ping_status":"open","sticky":false,"template":"","format":"standard","meta":{"_bbp_topic_count":0,"_bbp_reply_count":0,"_bbp_total_topic_count":0,"_bbp_total_reply_count":0,"_bbp_voice_count":0,"_bbp_anonymous_reply_count":0,"_bbp_topic_count_hidden":0,"_bbp_reply_count_hidden":0,"_bbp_forum_subforum_count":0,"footnotes":""},"categories":[146,110],"tags":[],"class_list":["post-10209","post","type-post","status-publish","format-standard","has-post-thumbnail","hentry","category-aniversaris","category-escola-abat-ruera"],"post_mailing_queue_ids":[],"_links":{"self":[{"href":"https:\/\/agora.xtec.cat\/zer-pedrera\/wp-json\/wp\/v2\/posts\/10209","targetHints":{"allow":["GET"]}}],"collection":[{"href":"https:\/\/agora.xtec.cat\/zer-pedrera\/wp-json\/wp\/v2\/posts"}],"about":[{"href":"https:\/\/agora.xtec.cat\/zer-pedrera\/wp-json\/wp\/v2\/types\/post"}],"author":[{"embeddable":true,"href":"https:\/\/agora.xtec.cat\/zer-pedrera\/wp-json\/wp\/v2\/users\/1"}],"replies":[{"embeddable":true,"href":"https:\/\/agora.xtec.cat\/zer-pedrera\/wp-json\/wp\/v2\/comments?post=10209"}],"version-history":[{"count":1,"href":"https:\/\/agora.xtec.cat\/zer-pedrera\/wp-json\/wp\/v2\/posts\/10209\/revisions"}],"predecessor-version":[{"id":10214,"href":"https:\/\/agora.xtec.cat\/zer-pedrera\/wp-json\/wp\/v2\/posts\/10209\/revisions\/10214"}],"wp:featuredmedia":[{"embeddable":true,"href":"https:\/\/agora.xtec.cat\/zer-pedrera\/wp-json\/wp\/v2\/media\/10213"}],"wp:attachment":[{"href":"https:\/\/agora.xtec.cat\/zer-pedrera\/wp-json\/wp\/v2\/media?parent=10209"}],"wp:term":[{"taxonomy":"category","embeddable":true,"href":"https:\/\/agora.xtec.cat\/zer-pedrera\/wp-json\/wp\/v2\/categories?post=10209"},{"taxonomy":"post_tag","embeddable":true,"href":"https:\/\/agora.xtec.cat\/zer-pedrera\/wp-json\/wp\/v2\/tags?post=10209"}],"curies":[{"name":"wp","href":"https:\/\/api.w.org\/{rel}","templated":true}]}}