{"id":10197,"date":"2026-02-06T11:59:09","date_gmt":"2026-02-06T10:59:09","guid":{"rendered":"https:\/\/agora.xtec.cat\/zer-pedrera\/?p=10197"},"modified":"2026-02-06T11:59:09","modified_gmt":"2026-02-06T10:59:09","slug":"escola-abat-ruera-el-follet-ens-ensenya-la-morera-a-lhivern","status":"publish","type":"post","link":"https:\/\/agora.xtec.cat\/zer-pedrera\/general\/escola-abat-ruera-el-follet-ens-ensenya-la-morera-a-lhivern\/","title":{"rendered":"Escola Abat Ruera. El follet ens ensenya la morera a l\u2019hivern"},"content":{"rendered":"<p>A l\u2019escola aprenem observant el que tenim al nostre voltant. Aquests dies hem treballat la morera del pati perqu\u00e8 el follet ens ha deixat una carta explicant-nos com ha canviat amb l\u2019arribada de l\u2019hivern.<\/p>\n<p>A la carta, el follet ens explicava que la morera ja no t\u00e9 fulles perqu\u00e8 descansa durant l\u2019hivern i es prepara per tornar a cr\u00e9ixer a la primavera.<\/p>\n<p>Tamb\u00e9 hem observat la seva escor\u00e7a i hem fet una activitat molt divertida: calcar-la amb paper i color marr\u00f3 per descobrir les formes del tronc.<\/p>\n<p>Per veure m\u00e9s fotografies, feu clic sobre la imatge.<\/p>\n<p><a href=\"https:\/\/photos.app.goo.gl\/cuLwpD1wGmugMhiX6\"><img loading=\"lazy\" decoding=\"async\" class=\"alignnone size-large wp-image-10201\" src=\"https:\/\/agora.xtec.cat\/zer-pedrera\/wp-content\/uploads\/usu1473\/2026\/01\/portada-1024x768.jpeg\" alt=\"\" width=\"1024\" height=\"768\" srcset=\"https:\/\/agora.xtec.cat\/zer-pedrera\/wp-content\/uploads\/usu1473\/2026\/01\/portada-1024x768.jpeg 1024w, https:\/\/agora.xtec.cat\/zer-pedrera\/wp-content\/uploads\/usu1473\/2026\/01\/portada-300x225.jpeg 300w, https:\/\/agora.xtec.cat\/zer-pedrera\/wp-content\/uploads\/usu1473\/2026\/01\/portada-768x576.jpeg 768w, https:\/\/agora.xtec.cat\/zer-pedrera\/wp-content\/uploads\/usu1473\/2026\/01\/portada-1536x1152.jpeg 1536w, https:\/\/agora.xtec.cat\/zer-pedrera\/wp-content\/uploads\/usu1473\/2026\/01\/portada-200x150.jpeg 200w, https:\/\/agora.xtec.cat\/zer-pedrera\/wp-content\/uploads\/usu1473\/2026\/01\/portada.jpeg 1600w\" sizes=\"auto, (max-width: 1024px) 100vw, 1024px\" \/><\/a><\/p>\n<p>&nbsp;<\/p>\n<p>&nbsp;<\/p>\n","protected":false},"excerpt":{"rendered":"<p>A l\u2019escola aprenem observant el que tenim al nostre voltant. Aquests dies hem treballat la morera del pati perqu\u00e8 el follet ens ha deixat una carta explicant-nos com ha canviat amb l\u2019arribada de l\u2019hivern.<br \/>\nA la carta, el follet ens explicava que la morera ja no&hellip;  <a href=\"https:\/\/agora.xtec.cat\/zer-pedrera\/general\/escola-abat-ruera-el-follet-ens-ensenya-la-morera-a-lhivern\/\" title=\"Read Escola Abat Ruera. El follet ens ensenya la morera a l\u2019hivern\">Llegeix m\u00e9s\u00bb<\/a><\/p>\n","protected":false},"author":1,"featured_media":10201,"comment_status":"open","ping_status":"open","sticky":false,"template":"","format":"standard","meta":{"_bbp_topic_count":0,"_bbp_reply_count":0,"_bbp_total_topic_count":0,"_bbp_total_reply_count":0,"_bbp_voice_count":0,"_bbp_anonymous_reply_count":0,"_bbp_topic_count_hidden":0,"_bbp_reply_count_hidden":0,"_bbp_forum_subforum_count":0,"footnotes":""},"categories":[113,110,1,116,29],"tags":[],"class_list":["post-10197","post","type-post","status-publish","format-standard","has-post-thumbnail","hentry","category-e-infantil","category-escola-abat-ruera","category-general","category-medi","category-portada"],"post_mailing_queue_ids":[],"_links":{"self":[{"href":"https:\/\/agora.xtec.cat\/zer-pedrera\/wp-json\/wp\/v2\/posts\/10197","targetHints":{"allow":["GET"]}}],"collection":[{"href":"https:\/\/agora.xtec.cat\/zer-pedrera\/wp-json\/wp\/v2\/posts"}],"about":[{"href":"https:\/\/agora.xtec.cat\/zer-pedrera\/wp-json\/wp\/v2\/types\/post"}],"author":[{"embeddable":true,"href":"https:\/\/agora.xtec.cat\/zer-pedrera\/wp-json\/wp\/v2\/users\/1"}],"replies":[{"embeddable":true,"href":"https:\/\/agora.xtec.cat\/zer-pedrera\/wp-json\/wp\/v2\/comments?post=10197"}],"version-history":[{"count":3,"href":"https:\/\/agora.xtec.cat\/zer-pedrera\/wp-json\/wp\/v2\/posts\/10197\/revisions"}],"predecessor-version":[{"id":10202,"href":"https:\/\/agora.xtec.cat\/zer-pedrera\/wp-json\/wp\/v2\/posts\/10197\/revisions\/10202"}],"wp:featuredmedia":[{"embeddable":true,"href":"https:\/\/agora.xtec.cat\/zer-pedrera\/wp-json\/wp\/v2\/media\/10201"}],"wp:attachment":[{"href":"https:\/\/agora.xtec.cat\/zer-pedrera\/wp-json\/wp\/v2\/media?parent=10197"}],"wp:term":[{"taxonomy":"category","embeddable":true,"href":"https:\/\/agora.xtec.cat\/zer-pedrera\/wp-json\/wp\/v2\/categories?post=10197"},{"taxonomy":"post_tag","embeddable":true,"href":"https:\/\/agora.xtec.cat\/zer-pedrera\/wp-json\/wp\/v2\/tags?post=10197"}],"curies":[{"name":"wp","href":"https:\/\/api.w.org\/{rel}","templated":true}]}}