{"id":10169,"date":"2026-01-29T08:13:08","date_gmt":"2026-01-29T07:13:08","guid":{"rendered":"https:\/\/agora.xtec.cat\/zer-pedrera\/?p=10169"},"modified":"2026-01-30T13:03:25","modified_gmt":"2026-01-30T12:03:25","slug":"iniciem-el-projecte-del-cos-huma-a-ed-infantil-de-porcel-de-cervera","status":"publish","type":"post","link":"https:\/\/agora.xtec.cat\/zer-pedrera\/general\/iniciem-el-projecte-del-cos-huma-a-ed-infantil-de-porcel-de-cervera\/","title":{"rendered":"Iniciem el projecte del cos hum\u00e0 a Ed. Infantil de Porcel de Cervera."},"content":{"rendered":"<p>A l&#8217;aula d&#8217;educaci\u00f3 Infantil hem iniciat el projecte del cos hum\u00e0, i els infants hi estan molt motivats i amb moltes ganes d\u2019aprendre coses noves. Hem comen\u00e7at el projecte fent una pluja d\u2019idees, on hem compartit tot all\u00f2 que ja sabem sobre el nostre cos, i tamb\u00e9 ens hem fet moltes preguntes sobre el que volem aprendre. Aquestes curiositats ens ajudaran a guiar el projecte al llarg de les properes setmanes. Ens espera un cam\u00ed ple de descobertes, converses i aprenentatges! Us anirem informant dels aven\u00e7os a mesura que anem explorant i descobrint coses noves!<\/p>\n<p>Podeu veure les primeres imatges!<a href=\"https:\/\/photos.app.goo.gl\/QrYitEmPQuD9bL1VA\">https:\/\/photos.app.goo.gl\/QrYitEmPQuD9bL1VA<\/a><\/p>\n","protected":false},"excerpt":{"rendered":"<p>A l&#8217;aula d&#8217;educaci\u00f3 Infantil hem iniciat el projecte del cos hum\u00e0, i els infants hi estan molt motivats i amb moltes ganes d\u2019aprendre coses noves. Hem comen\u00e7at el projecte fent una pluja d\u2019idees, on hem compartit tot all\u00f2 que ja sabem sobre el nostre cos,&hellip;  <a href=\"https:\/\/agora.xtec.cat\/zer-pedrera\/general\/iniciem-el-projecte-del-cos-huma-a-ed-infantil-de-porcel-de-cervera\/\" title=\"Read Iniciem el projecte del cos hum\u00e0 a Ed. Infantil de Porcel de Cervera.\">Llegeix m\u00e9s\u00bb<\/a><\/p>\n","protected":false},"author":1,"featured_media":10206,"comment_status":"open","ping_status":"open","sticky":false,"template":"","format":"standard","meta":{"_bbp_topic_count":0,"_bbp_reply_count":0,"_bbp_total_topic_count":0,"_bbp_total_reply_count":0,"_bbp_voice_count":0,"_bbp_anonymous_reply_count":0,"_bbp_topic_count_hidden":0,"_bbp_reply_count_hidden":0,"_bbp_forum_subforum_count":0,"footnotes":""},"categories":[113,111,1,29,120],"tags":[],"class_list":["post-10169","post","type-post","status-publish","format-standard","has-post-thumbnail","hentry","category-e-infantil","category-escola-porcel-de-cervera","category-general","category-portada","category-projectes"],"post_mailing_queue_ids":[],"_links":{"self":[{"href":"https:\/\/agora.xtec.cat\/zer-pedrera\/wp-json\/wp\/v2\/posts\/10169","targetHints":{"allow":["GET"]}}],"collection":[{"href":"https:\/\/agora.xtec.cat\/zer-pedrera\/wp-json\/wp\/v2\/posts"}],"about":[{"href":"https:\/\/agora.xtec.cat\/zer-pedrera\/wp-json\/wp\/v2\/types\/post"}],"author":[{"embeddable":true,"href":"https:\/\/agora.xtec.cat\/zer-pedrera\/wp-json\/wp\/v2\/users\/1"}],"replies":[{"embeddable":true,"href":"https:\/\/agora.xtec.cat\/zer-pedrera\/wp-json\/wp\/v2\/comments?post=10169"}],"version-history":[{"count":3,"href":"https:\/\/agora.xtec.cat\/zer-pedrera\/wp-json\/wp\/v2\/posts\/10169\/revisions"}],"predecessor-version":[{"id":10189,"href":"https:\/\/agora.xtec.cat\/zer-pedrera\/wp-json\/wp\/v2\/posts\/10169\/revisions\/10189"}],"wp:featuredmedia":[{"embeddable":true,"href":"https:\/\/agora.xtec.cat\/zer-pedrera\/wp-json\/wp\/v2\/media\/10206"}],"wp:attachment":[{"href":"https:\/\/agora.xtec.cat\/zer-pedrera\/wp-json\/wp\/v2\/media?parent=10169"}],"wp:term":[{"taxonomy":"category","embeddable":true,"href":"https:\/\/agora.xtec.cat\/zer-pedrera\/wp-json\/wp\/v2\/categories?post=10169"},{"taxonomy":"post_tag","embeddable":true,"href":"https:\/\/agora.xtec.cat\/zer-pedrera\/wp-json\/wp\/v2\/tags?post=10169"}],"curies":[{"name":"wp","href":"https:\/\/api.w.org\/{rel}","templated":true}]}}