{"id":10159,"date":"2026-01-30T12:14:32","date_gmt":"2026-01-30T11:14:32","guid":{"rendered":"https:\/\/agora.xtec.cat\/zer-pedrera\/?p=10159"},"modified":"2026-01-30T12:14:32","modified_gmt":"2026-01-30T11:14:32","slug":"escola-abat-ruera-educacio-primaria-fa-una-activitat-de-transit-a-lescola","status":"publish","type":"post","link":"https:\/\/agora.xtec.cat\/zer-pedrera\/general\/escola-abat-ruera-educacio-primaria-fa-una-activitat-de-transit-a-lescola\/","title":{"rendered":"Escola Abat Ruera. Educaci\u00f3 Prim\u00e0ria fa una activitat de Tr\u00e0nsit a l\u2019Escola"},"content":{"rendered":"<p align=\"justify\"><span style=\"color: #000000;\">El passat 22 de gener, l\u2019alumnat de prim\u00e0ria va participar en una activitat molt enriquidora relacionada amb la seguretat vi\u00e0ria. En Xavi i en Josep, dos mossos de tr\u00e0nsit, van visitar la nostra escola per explicar-nos, d\u2019una manera propera i divertida, la import\u00e0ncia de respectar les normes de circulaci\u00f3.<\/span><\/p>\n<p>A trav\u00e9s d\u2019un joc participatiu, ens van ensenyar com hem d\u2019actuar correctament quan som vianants, passatgers o ciclistes. Vam aprendre que \u00e9s molt important portar sempre posat el cintur\u00f3 de seguretat quan viatgem en cotxe i utilitzar els protectors adequats, com el casc, quan anem amb bicicleta o patinet.<\/p>\n<p>L\u2019activitat va ser molt din\u00e0mica i tots els nens i nenes hi van participar amb entusiasme, fent preguntes i compartint experi\u00e8ncies. Gr\u00e0cies a aquesta visita, hem pres m\u00e9s consci\u00e8ncia de com petits gestos poden ajudar-nos a cuidar la nostra seguretat i la dels altres.<\/p>\n<p>Volem agrair a en Xavi i en Josep la seva visita i la manera tan clara i amena amb qu\u00e8 ens van transmetre aquests missatges tan importants. Sens dubte, ha estat una experi\u00e8ncia molt positiva i educativa.<\/p>\n<p align=\"justify\">Per veure m\u00e9s fotografies, feu clic sobre la imatge.<\/p>\n<p align=\"justify\"><a href=\"https:\/\/photos.app.goo.gl\/oNEsR2oSULfWtZUx8\"><img loading=\"lazy\" decoding=\"async\" class=\"alignnone size-full wp-image-10160\" src=\"https:\/\/agora.xtec.cat\/zer-pedrera\/wp-content\/uploads\/usu1473\/2026\/01\/portada-7.jpg\" alt=\"\" width=\"300\" height=\"226\" srcset=\"https:\/\/agora.xtec.cat\/zer-pedrera\/wp-content\/uploads\/usu1473\/2026\/01\/portada-7.jpg 300w, https:\/\/agora.xtec.cat\/zer-pedrera\/wp-content\/uploads\/usu1473\/2026\/01\/portada-7-200x150.jpg 200w\" sizes=\"auto, (max-width: 300px) 100vw, 300px\" \/><\/a><\/p>\n<p align=\"justify\">\n","protected":false},"excerpt":{"rendered":"<p>El passat 22 de gener, l\u2019alumnat de prim\u00e0ria va participar en una activitat molt enriquidora relacionada amb la seguretat vi\u00e0ria. En Xavi i en Josep, dos mossos de tr\u00e0nsit, van visitar la nostra escola per explicar-nos, d\u2019una manera propera i divertida, la import\u00e0ncia de respectar&hellip;  <a href=\"https:\/\/agora.xtec.cat\/zer-pedrera\/general\/escola-abat-ruera-educacio-primaria-fa-una-activitat-de-transit-a-lescola\/\" title=\"Read Escola Abat Ruera. Educaci\u00f3 Prim\u00e0ria fa una activitat de Tr\u00e0nsit a l\u2019Escola\">Llegeix m\u00e9s\u00bb<\/a><\/p>\n","protected":false},"author":1,"featured_media":10160,"comment_status":"open","ping_status":"open","sticky":false,"template":"","format":"standard","meta":{"_bbp_topic_count":0,"_bbp_reply_count":0,"_bbp_total_topic_count":0,"_bbp_total_reply_count":0,"_bbp_voice_count":0,"_bbp_anonymous_reply_count":0,"_bbp_topic_count_hidden":0,"_bbp_reply_count_hidden":0,"_bbp_forum_subforum_count":0,"footnotes":""},"categories":[145,110,1,29,89],"tags":[],"class_list":["post-10159","post","type-post","status-publish","format-standard","has-post-thumbnail","hentry","category-educacio-en-valors","category-escola-abat-ruera","category-general","category-portada","category-primaria"],"post_mailing_queue_ids":[],"_links":{"self":[{"href":"https:\/\/agora.xtec.cat\/zer-pedrera\/wp-json\/wp\/v2\/posts\/10159","targetHints":{"allow":["GET"]}}],"collection":[{"href":"https:\/\/agora.xtec.cat\/zer-pedrera\/wp-json\/wp\/v2\/posts"}],"about":[{"href":"https:\/\/agora.xtec.cat\/zer-pedrera\/wp-json\/wp\/v2\/types\/post"}],"author":[{"embeddable":true,"href":"https:\/\/agora.xtec.cat\/zer-pedrera\/wp-json\/wp\/v2\/users\/1"}],"replies":[{"embeddable":true,"href":"https:\/\/agora.xtec.cat\/zer-pedrera\/wp-json\/wp\/v2\/comments?post=10159"}],"version-history":[{"count":2,"href":"https:\/\/agora.xtec.cat\/zer-pedrera\/wp-json\/wp\/v2\/posts\/10159\/revisions"}],"predecessor-version":[{"id":10162,"href":"https:\/\/agora.xtec.cat\/zer-pedrera\/wp-json\/wp\/v2\/posts\/10159\/revisions\/10162"}],"wp:featuredmedia":[{"embeddable":true,"href":"https:\/\/agora.xtec.cat\/zer-pedrera\/wp-json\/wp\/v2\/media\/10160"}],"wp:attachment":[{"href":"https:\/\/agora.xtec.cat\/zer-pedrera\/wp-json\/wp\/v2\/media?parent=10159"}],"wp:term":[{"taxonomy":"category","embeddable":true,"href":"https:\/\/agora.xtec.cat\/zer-pedrera\/wp-json\/wp\/v2\/categories?post=10159"},{"taxonomy":"post_tag","embeddable":true,"href":"https:\/\/agora.xtec.cat\/zer-pedrera\/wp-json\/wp\/v2\/tags?post=10159"}],"curies":[{"name":"wp","href":"https:\/\/api.w.org\/{rel}","templated":true}]}}