{"id":10150,"date":"2026-01-23T11:40:29","date_gmt":"2026-01-23T10:40:29","guid":{"rendered":"https:\/\/agora.xtec.cat\/zer-pedrera\/?p=10150"},"modified":"2026-01-23T11:40:29","modified_gmt":"2026-01-23T10:40:29","slug":"a-lescola-abat-ruera-aprenem-amb-els-mossos-desquadra","status":"publish","type":"post","link":"https:\/\/agora.xtec.cat\/zer-pedrera\/general\/a-lescola-abat-ruera-aprenem-amb-els-mossos-desquadra\/","title":{"rendered":"A l&#8217;escola Abat Ruera aprenem amb els Mossos d\u2019Esquadra."},"content":{"rendered":"<p align=\"justify\"><span style=\"color: #000000;\"><span style=\"font-family: Arial, sans-serif;\">El passat dilluns 19, tot l\u2019alumnat de l\u2019escola va rebre la visita del Jaume, mosso d\u2019esquadra. Va ser una jornada molt interessant i enriquidora per a tots els nens i nenes.<br \/>\nA educaci\u00f3 infantil, l\u2019alumnat va descobrir com treballen els mossos i va tenir l\u2019oportunitat de con\u00e8ixer l\u2019interior d\u2019un vehicle policial, fet que els va generar molta emoci\u00f3.<br \/>\nPel que fa a educaci\u00f3 prim\u00e0ria, l\u2019alumnat va participar en un <\/span><span style=\"font-family: Arial, sans-serif;\">t<\/span><span style=\"font-family: Arial, sans-serif;\">aller <\/span><span style=\"font-family: Arial, sans-serif;\">anomenat <\/span><span style=\"font-family: Arial, sans-serif;\">\u201cLa Cibercaputxeta\u201d <\/span><span style=\"font-family: Arial, sans-serif;\">sobre l\u2019\u00fas segur d\u2019internet, amb l\u2019objectiu de conscienciar-los sobre la import\u00e0ncia de protegir-se quan juguen a jocs en l\u00ednia i naveguen per la xarxa. A trav\u00e9s del conte tradicional de La Caputxeta Vermella, els mossos van explicar d\u2019una manera entenedora els possibles perills que es poden trobar a internet .<br \/>\nAgra\u00efm la visita i la col\u2022laboraci\u00f3 dels mossos d\u2019esquadra, que ens ajuden a educar i conscienciar els infants en aspectes tan importants del seu dia a dia.<\/span><br \/>\n<\/span><br \/>\nPer veure m\u00e9s fotografies, feu clic sobre la imatge.<\/p>\n<p align=\"justify\"><a href=\"https:\/\/photos.app.goo.gl\/bMm4V3EdUF767PNN8\"><img loading=\"lazy\" decoding=\"async\" class=\"alignnone size-large wp-image-10151\" src=\"https:\/\/agora.xtec.cat\/zer-pedrera\/wp-content\/uploads\/usu1473\/2026\/01\/WhatsApp-Image-2026-01-23-at-09.54.59-1024x768.jpeg\" alt=\"\" width=\"1024\" height=\"768\" srcset=\"https:\/\/agora.xtec.cat\/zer-pedrera\/wp-content\/uploads\/usu1473\/2026\/01\/WhatsApp-Image-2026-01-23-at-09.54.59-1024x768.jpeg 1024w, https:\/\/agora.xtec.cat\/zer-pedrera\/wp-content\/uploads\/usu1473\/2026\/01\/WhatsApp-Image-2026-01-23-at-09.54.59-300x225.jpeg 300w, https:\/\/agora.xtec.cat\/zer-pedrera\/wp-content\/uploads\/usu1473\/2026\/01\/WhatsApp-Image-2026-01-23-at-09.54.59-768x576.jpeg 768w, https:\/\/agora.xtec.cat\/zer-pedrera\/wp-content\/uploads\/usu1473\/2026\/01\/WhatsApp-Image-2026-01-23-at-09.54.59-1536x1152.jpeg 1536w, https:\/\/agora.xtec.cat\/zer-pedrera\/wp-content\/uploads\/usu1473\/2026\/01\/WhatsApp-Image-2026-01-23-at-09.54.59-200x150.jpeg 200w, https:\/\/agora.xtec.cat\/zer-pedrera\/wp-content\/uploads\/usu1473\/2026\/01\/WhatsApp-Image-2026-01-23-at-09.54.59.jpeg 1600w\" sizes=\"auto, (max-width: 1024px) 100vw, 1024px\" \/><\/a><\/p>\n","protected":false},"excerpt":{"rendered":"<p>El passat dilluns 19, tot l\u2019alumnat de l\u2019escola va rebre la visita del Jaume, mosso d\u2019esquadra. Va ser una jornada molt interessant i enriquidora per a tots els nens i nenes.<br \/>\nA educaci\u00f3 infantil, l\u2019alumnat va descobrir com treballen els mossos i va tenir l\u2019oportunitat de&hellip;  <a href=\"https:\/\/agora.xtec.cat\/zer-pedrera\/general\/a-lescola-abat-ruera-aprenem-amb-els-mossos-desquadra\/\" title=\"Read A l&#8217;escola Abat Ruera aprenem amb els Mossos d\u2019Esquadra.\">Llegeix m\u00e9s\u00bb<\/a><\/p>\n","protected":false},"author":1,"featured_media":10151,"comment_status":"open","ping_status":"open","sticky":false,"template":"","format":"standard","meta":{"_bbp_topic_count":0,"_bbp_reply_count":0,"_bbp_total_topic_count":0,"_bbp_total_reply_count":0,"_bbp_voice_count":0,"_bbp_anonymous_reply_count":0,"_bbp_topic_count_hidden":0,"_bbp_reply_count_hidden":0,"_bbp_forum_subforum_count":0,"footnotes":""},"categories":[113,110,1,29,89],"tags":[],"class_list":["post-10150","post","type-post","status-publish","format-standard","has-post-thumbnail","hentry","category-e-infantil","category-escola-abat-ruera","category-general","category-portada","category-primaria"],"post_mailing_queue_ids":[],"_links":{"self":[{"href":"https:\/\/agora.xtec.cat\/zer-pedrera\/wp-json\/wp\/v2\/posts\/10150","targetHints":{"allow":["GET"]}}],"collection":[{"href":"https:\/\/agora.xtec.cat\/zer-pedrera\/wp-json\/wp\/v2\/posts"}],"about":[{"href":"https:\/\/agora.xtec.cat\/zer-pedrera\/wp-json\/wp\/v2\/types\/post"}],"author":[{"embeddable":true,"href":"https:\/\/agora.xtec.cat\/zer-pedrera\/wp-json\/wp\/v2\/users\/1"}],"replies":[{"embeddable":true,"href":"https:\/\/agora.xtec.cat\/zer-pedrera\/wp-json\/wp\/v2\/comments?post=10150"}],"version-history":[{"count":1,"href":"https:\/\/agora.xtec.cat\/zer-pedrera\/wp-json\/wp\/v2\/posts\/10150\/revisions"}],"predecessor-version":[{"id":10152,"href":"https:\/\/agora.xtec.cat\/zer-pedrera\/wp-json\/wp\/v2\/posts\/10150\/revisions\/10152"}],"wp:featuredmedia":[{"embeddable":true,"href":"https:\/\/agora.xtec.cat\/zer-pedrera\/wp-json\/wp\/v2\/media\/10151"}],"wp:attachment":[{"href":"https:\/\/agora.xtec.cat\/zer-pedrera\/wp-json\/wp\/v2\/media?parent=10150"}],"wp:term":[{"taxonomy":"category","embeddable":true,"href":"https:\/\/agora.xtec.cat\/zer-pedrera\/wp-json\/wp\/v2\/categories?post=10150"},{"taxonomy":"post_tag","embeddable":true,"href":"https:\/\/agora.xtec.cat\/zer-pedrera\/wp-json\/wp\/v2\/tags?post=10150"}],"curies":[{"name":"wp","href":"https:\/\/api.w.org\/{rel}","templated":true}]}}