{"id":10146,"date":"2026-01-23T11:39:58","date_gmt":"2026-01-23T10:39:58","guid":{"rendered":"https:\/\/agora.xtec.cat\/zer-pedrera\/?p=10146"},"modified":"2026-01-23T11:39:58","modified_gmt":"2026-01-23T10:39:58","slug":"participem-a-la-comunitat-territorial-steam","status":"publish","type":"post","link":"https:\/\/agora.xtec.cat\/zer-pedrera\/general\/participem-a-la-comunitat-territorial-steam\/","title":{"rendered":"Participem a la Comunitat Territorial STEAM."},"content":{"rendered":"<p>El passat dimecres 21 de gener, algunes mestres de l\u2019escola vam assistir a la Comunitat Territorial i a la Comunitat de Pr\u00e0ctica (CdP) d\u2019aquest curs. Va ser una jornada molt enriquidora que ens va permetre retrobar-nos amb altres centres educatius i professionals del territori.<\/p>\n<p>L\u2019objectiu principal d\u2019aquesta trobada \u00e9s compartir experi\u00e8ncies, generar coneixement col\u00b7lectiu i avan\u00e7ar en la transfer\u00e8ncia de les pr\u00e0ctiques STEAM, tot fomentant la reflexi\u00f3 conjunta i l\u2019aprenentatge entre iguals. Espais com aquest ens ajuden a cr\u00e9ixer professionalment i a continuar millorant la nostra pr\u00e0ctica educativa a l\u2019aula.<\/p>\n<p>Per veure m\u00e9s fotografies, feu clic sobre la imatge.<\/p>\n<p>&nbsp;<\/p>\n<p><a href=\"https:\/\/photos.app.goo.gl\/o5mC41GeJE14i8LdA\"><img loading=\"lazy\" decoding=\"async\" class=\"alignnone size-large wp-image-10148\" src=\"https:\/\/agora.xtec.cat\/zer-pedrera\/wp-content\/uploads\/usu1473\/2026\/01\/WhatsApp-Image-2026-01-23-at-08.12.43-1024x768.jpeg\" alt=\"\" width=\"1024\" height=\"768\" srcset=\"https:\/\/agora.xtec.cat\/zer-pedrera\/wp-content\/uploads\/usu1473\/2026\/01\/WhatsApp-Image-2026-01-23-at-08.12.43-1024x768.jpeg 1024w, https:\/\/agora.xtec.cat\/zer-pedrera\/wp-content\/uploads\/usu1473\/2026\/01\/WhatsApp-Image-2026-01-23-at-08.12.43-300x225.jpeg 300w, https:\/\/agora.xtec.cat\/zer-pedrera\/wp-content\/uploads\/usu1473\/2026\/01\/WhatsApp-Image-2026-01-23-at-08.12.43-768x576.jpeg 768w, https:\/\/agora.xtec.cat\/zer-pedrera\/wp-content\/uploads\/usu1473\/2026\/01\/WhatsApp-Image-2026-01-23-at-08.12.43-1536x1152.jpeg 1536w, https:\/\/agora.xtec.cat\/zer-pedrera\/wp-content\/uploads\/usu1473\/2026\/01\/WhatsApp-Image-2026-01-23-at-08.12.43-200x150.jpeg 200w, https:\/\/agora.xtec.cat\/zer-pedrera\/wp-content\/uploads\/usu1473\/2026\/01\/WhatsApp-Image-2026-01-23-at-08.12.43.jpeg 1600w\" sizes=\"auto, (max-width: 1024px) 100vw, 1024px\" \/><\/a><\/p>\n<p>&nbsp;<\/p>\n","protected":false},"excerpt":{"rendered":"<p>El passat dimecres 21 de gener, algunes mestres de l\u2019escola vam assistir a la Comunitat Territorial i a la Comunitat de Pr\u00e0ctica (CdP) d\u2019aquest curs. Va ser una jornada molt enriquidora que ens va permetre retrobar-nos amb altres centres educatius i professionals del territori.<br \/>\nL\u2019objectiu principal&hellip;  <a href=\"https:\/\/agora.xtec.cat\/zer-pedrera\/general\/participem-a-la-comunitat-territorial-steam\/\" title=\"Read Participem a la Comunitat Territorial STEAM.\">Llegeix m\u00e9s\u00bb<\/a><\/p>\n","protected":false},"author":1,"featured_media":10148,"comment_status":"open","ping_status":"open","sticky":false,"template":"","format":"standard","meta":{"_bbp_topic_count":0,"_bbp_reply_count":0,"_bbp_total_topic_count":0,"_bbp_total_reply_count":0,"_bbp_voice_count":0,"_bbp_anonymous_reply_count":0,"_bbp_topic_count_hidden":0,"_bbp_reply_count_hidden":0,"_bbp_forum_subforum_count":0,"footnotes":""},"categories":[110,111,1,29,215,214],"tags":[],"class_list":["post-10146","post","type-post","status-publish","format-standard","has-post-thumbnail","hentry","category-escola-abat-ruera","category-escola-porcel-de-cervera","category-general","category-portada","category-steam","category-tac-i-robotica-a-la-nostra-zer"],"post_mailing_queue_ids":[],"_links":{"self":[{"href":"https:\/\/agora.xtec.cat\/zer-pedrera\/wp-json\/wp\/v2\/posts\/10146","targetHints":{"allow":["GET"]}}],"collection":[{"href":"https:\/\/agora.xtec.cat\/zer-pedrera\/wp-json\/wp\/v2\/posts"}],"about":[{"href":"https:\/\/agora.xtec.cat\/zer-pedrera\/wp-json\/wp\/v2\/types\/post"}],"author":[{"embeddable":true,"href":"https:\/\/agora.xtec.cat\/zer-pedrera\/wp-json\/wp\/v2\/users\/1"}],"replies":[{"embeddable":true,"href":"https:\/\/agora.xtec.cat\/zer-pedrera\/wp-json\/wp\/v2\/comments?post=10146"}],"version-history":[{"count":1,"href":"https:\/\/agora.xtec.cat\/zer-pedrera\/wp-json\/wp\/v2\/posts\/10146\/revisions"}],"predecessor-version":[{"id":10149,"href":"https:\/\/agora.xtec.cat\/zer-pedrera\/wp-json\/wp\/v2\/posts\/10146\/revisions\/10149"}],"wp:featuredmedia":[{"embeddable":true,"href":"https:\/\/agora.xtec.cat\/zer-pedrera\/wp-json\/wp\/v2\/media\/10148"}],"wp:attachment":[{"href":"https:\/\/agora.xtec.cat\/zer-pedrera\/wp-json\/wp\/v2\/media?parent=10146"}],"wp:term":[{"taxonomy":"category","embeddable":true,"href":"https:\/\/agora.xtec.cat\/zer-pedrera\/wp-json\/wp\/v2\/categories?post=10146"},{"taxonomy":"post_tag","embeddable":true,"href":"https:\/\/agora.xtec.cat\/zer-pedrera\/wp-json\/wp\/v2\/tags?post=10146"}],"curies":[{"name":"wp","href":"https:\/\/api.w.org\/{rel}","templated":true}]}}