{"id":10143,"date":"2026-01-30T12:13:59","date_gmt":"2026-01-30T11:13:59","guid":{"rendered":"https:\/\/agora.xtec.cat\/zer-pedrera\/?p=10143"},"modified":"2026-01-30T12:13:59","modified_gmt":"2026-01-30T11:13:59","slug":"escola-abat-ruera-llar-dinfants-mini-mon-de-lhivern","status":"publish","type":"post","link":"https:\/\/agora.xtec.cat\/zer-pedrera\/portada\/escola-abat-ruera-llar-dinfants-mini-mon-de-lhivern\/","title":{"rendered":"Escola Abat Ruera. Llar d&#8217;infants. Mini m\u00f3n de l&#8217;hivern."},"content":{"rendered":"<p>Un mat\u00ed quan vam arribat a la llar, ens vam trobar una gran sorpresa, un mini m\u00f3n de l&#8217;hivern, ens ho vam passar d&#8217;all\u00f2 m\u00e9s b\u00e9!!<\/p>\n<p>Per veure m\u00e9s fotografies, feu clic sobre la imatge.<\/p>\n<p><a href=\"https:\/\/photos.app.goo.gl\/9e6Q7uDNqbGDaU6q7\"><img loading=\"lazy\" decoding=\"async\" class=\"alignnone size-large wp-image-10144\" src=\"https:\/\/agora.xtec.cat\/zer-pedrera\/wp-content\/uploads\/usu1473\/2026\/01\/WhatsApp-Image-2026-01-22-at-09.27.36-1024x768.jpeg\" alt=\"\" width=\"1024\" height=\"768\" srcset=\"https:\/\/agora.xtec.cat\/zer-pedrera\/wp-content\/uploads\/usu1473\/2026\/01\/WhatsApp-Image-2026-01-22-at-09.27.36-1024x768.jpeg 1024w, https:\/\/agora.xtec.cat\/zer-pedrera\/wp-content\/uploads\/usu1473\/2026\/01\/WhatsApp-Image-2026-01-22-at-09.27.36-300x225.jpeg 300w, https:\/\/agora.xtec.cat\/zer-pedrera\/wp-content\/uploads\/usu1473\/2026\/01\/WhatsApp-Image-2026-01-22-at-09.27.36-768x576.jpeg 768w, https:\/\/agora.xtec.cat\/zer-pedrera\/wp-content\/uploads\/usu1473\/2026\/01\/WhatsApp-Image-2026-01-22-at-09.27.36-1536x1152.jpeg 1536w, https:\/\/agora.xtec.cat\/zer-pedrera\/wp-content\/uploads\/usu1473\/2026\/01\/WhatsApp-Image-2026-01-22-at-09.27.36-200x150.jpeg 200w, https:\/\/agora.xtec.cat\/zer-pedrera\/wp-content\/uploads\/usu1473\/2026\/01\/WhatsApp-Image-2026-01-22-at-09.27.36.jpeg 1600w\" sizes=\"auto, (max-width: 1024px) 100vw, 1024px\" \/><\/a><\/p>\n","protected":false},"excerpt":{"rendered":"<p>Un mat\u00ed quan vam arribat a la llar, ens vam trobar una gran sorpresa, un mini m\u00f3n de l&#8217;hivern, ens ho vam passar d&#8217;all\u00f2 m\u00e9s b\u00e9!!<br \/>\nPer veure m\u00e9s fotografies, feu clic sobre la imatge.<br \/>\n<a href=\"https:\/\/photos.app.goo.gl\/9e6Q7uDNqbGDaU6q7\"><\/a><\/p>\n","protected":false},"author":1,"featured_media":10144,"comment_status":"open","ping_status":"open","sticky":false,"template":"","format":"standard","meta":{"_bbp_topic_count":0,"_bbp_reply_count":0,"_bbp_total_topic_count":0,"_bbp_total_reply_count":0,"_bbp_voice_count":0,"_bbp_anonymous_reply_count":0,"_bbp_topic_count_hidden":0,"_bbp_reply_count_hidden":0,"_bbp_forum_subforum_count":0,"footnotes":""},"categories":[113,110,29],"tags":[],"class_list":["post-10143","post","type-post","status-publish","format-standard","has-post-thumbnail","hentry","category-e-infantil","category-escola-abat-ruera","category-portada"],"post_mailing_queue_ids":[],"_links":{"self":[{"href":"https:\/\/agora.xtec.cat\/zer-pedrera\/wp-json\/wp\/v2\/posts\/10143","targetHints":{"allow":["GET"]}}],"collection":[{"href":"https:\/\/agora.xtec.cat\/zer-pedrera\/wp-json\/wp\/v2\/posts"}],"about":[{"href":"https:\/\/agora.xtec.cat\/zer-pedrera\/wp-json\/wp\/v2\/types\/post"}],"author":[{"embeddable":true,"href":"https:\/\/agora.xtec.cat\/zer-pedrera\/wp-json\/wp\/v2\/users\/1"}],"replies":[{"embeddable":true,"href":"https:\/\/agora.xtec.cat\/zer-pedrera\/wp-json\/wp\/v2\/comments?post=10143"}],"version-history":[{"count":1,"href":"https:\/\/agora.xtec.cat\/zer-pedrera\/wp-json\/wp\/v2\/posts\/10143\/revisions"}],"predecessor-version":[{"id":10145,"href":"https:\/\/agora.xtec.cat\/zer-pedrera\/wp-json\/wp\/v2\/posts\/10143\/revisions\/10145"}],"wp:featuredmedia":[{"embeddable":true,"href":"https:\/\/agora.xtec.cat\/zer-pedrera\/wp-json\/wp\/v2\/media\/10144"}],"wp:attachment":[{"href":"https:\/\/agora.xtec.cat\/zer-pedrera\/wp-json\/wp\/v2\/media?parent=10143"}],"wp:term":[{"taxonomy":"category","embeddable":true,"href":"https:\/\/agora.xtec.cat\/zer-pedrera\/wp-json\/wp\/v2\/categories?post=10143"},{"taxonomy":"post_tag","embeddable":true,"href":"https:\/\/agora.xtec.cat\/zer-pedrera\/wp-json\/wp\/v2\/tags?post=10143"}],"curies":[{"name":"wp","href":"https:\/\/api.w.org\/{rel}","templated":true}]}}