{"id":10136,"date":"2026-01-16T15:43:40","date_gmt":"2026-01-16T14:43:40","guid":{"rendered":"https:\/\/agora.xtec.cat\/zer-pedrera\/?p=10136"},"modified":"2026-01-23T10:57:56","modified_gmt":"2026-01-23T09:57:56","slug":"lescola-abat-ruera-visita-el-castell-de-puiggros","status":"publish","type":"post","link":"https:\/\/agora.xtec.cat\/zer-pedrera\/general\/lescola-abat-ruera-visita-el-castell-de-puiggros\/","title":{"rendered":"L&#8217;escola Abat Ruera visita el castell de Puiggr\u00f2s."},"content":{"rendered":"<article class=\"text-token-text-primary w-full focus:outline-none [--shadow-height:45px] has-data-writing-block:pointer-events-none has-data-writing-block:-mt-(--shadow-height) has-data-writing-block:pt-(--shadow-height) [&amp;:has([data-writing-block])&gt;*]:pointer-events-auto scroll-mt-[calc(var(--header-height)+min(200px,max(70px,20svh)))]\" dir=\"auto\" tabindex=\"-1\" data-turn-id=\"request-WEB:74974d4c-eaac-4cc6-b498-9f8405d488bd-6\" data-testid=\"conversation-turn-14\" data-scroll-anchor=\"false\" data-turn=\"assistant\">\n<div class=\"text-base my-auto mx-auto [--thread-content-margin:--spacing(4)] @w-sm\/main:[--thread-content-margin:--spacing(6)] @w-lg\/main:[--thread-content-margin:--spacing(16)] px-(--thread-content-margin)\">\n<div class=\"[--thread-content-max-width:40rem] @w-lg\/main:[--thread-content-max-width:48rem] mx-auto max-w-(--thread-content-max-width) flex-1 group\/turn-messages focus-visible:outline-hidden relative flex w-full min-w-0 flex-col agent-turn\" tabindex=\"-1\">\n<div class=\"flex max-w-full flex-col grow\">\n<div class=\"min-h-8 text-message relative flex w-full flex-col items-end gap-2 text-start break-words whitespace-normal [.text-message+&amp;]:mt-1\" dir=\"auto\" data-message-author-role=\"assistant\" data-message-id=\"19ac2f60-97b0-470c-a789-57b7697d2e54\" data-message-model-slug=\"gpt-5-2\">\n<div class=\"flex w-full flex-col gap-1 empty:hidden first:pt-[1px]\">\n<div class=\"markdown prose dark:prose-invert w-full break-words light markdown-new-styling\">\n<p data-start=\"100\" data-end=\"398\">L\u2019alumnat de l\u2019escola ha fet una sortida per visitar el castell de Puiggr\u00f2s, acompanyats d\u2019un arque\u00f2leg que ens ha ajudat a descobrir la seva hist\u00f2ria i els seus secrets. Durant la visita hem pogut con\u00e8ixer millor el nostre entorn, observar restes del passat i aprendre com vivien antigament.<\/p>\n<p data-start=\"400\" data-end=\"563\">A m\u00e9s, vam fer d\u2019arque\u00f2legs i arque\u00f2logues: vam excavar amb pales i vam trobar restes arqueol\u00f2giques, fet que va fer l\u2019activitat encara m\u00e9s emocionant i divertida.<\/p>\n<p data-start=\"565\" data-end=\"716\" data-is-last-node=\"\" data-is-only-node=\"\">Ha estat una experi\u00e8ncia molt enriquidora. Volem aprofitar per agrair a l\u2019associaci\u00f3 haver pensat en la nostra escola i fer possible aquesta activitat, aix\u00ed com totes les que vindran en el futur.<\/p>\n<\/div>\n<\/div>\n<\/div>\n<\/div>\n<div class=\"z-0 flex min-h-[46px] justify-start\">Per veure m\u00e9s fotografies, feu clic sobre la imatge.<\/div>\n<div><\/div>\n<\/div>\n<\/div>\n<\/article>\n<div><\/div>\n<article class=\"text-token-text-primary w-full focus:outline-none [--shadow-height:45px] has-data-writing-block:pointer-events-none has-data-writing-block:-mt-(--shadow-height) has-data-writing-block:pt-(--shadow-height) [&amp;:has([data-writing-block])&gt;*]:pointer-events-auto scroll-mt-(--header-height)\" dir=\"auto\" tabindex=\"-1\" data-turn-id=\"833cd48e-fe85-4b6e-aa22-47a4d4e216ef\" data-testid=\"conversation-turn-15\" data-scroll-anchor=\"false\" data-turn=\"user\">\n<div class=\"text-base my-auto mx-auto pt-12 [--thread-content-margin:--spacing(4)] @w-sm\/main:[--thread-content-margin:--spacing(6)] @w-lg\/main:[--thread-content-margin:--spacing(16)] px-(--thread-content-margin)\">\n<div class=\"[--thread-content-max-width:40rem] @w-lg\/main:[--thread-content-max-width:48rem] mx-auto max-w-(--thread-content-max-width) flex-1 group\/turn-messages focus-visible:outline-hidden relative flex w-full min-w-0 flex-col\" tabindex=\"-1\">\n<div class=\"flex max-w-full flex-col grow\">\n<div class=\"min-h-8 text-message relative flex w-full flex-col items-end gap-2 text-start break-words whitespace-normal [.text-message+&amp;]:mt-1\" dir=\"auto\" data-message-author-role=\"user\" data-message-id=\"833cd48e-fe85-4b6e-aa22-47a4d4e216ef\">\n<div class=\"flex w-full flex-col gap-1 empty:hidden items-end rtl:items-start\">\n<div class=\"user-message-bubble-color corner-superellipse\/1.1 relative rounded-[18px] px-4 py-1.5 data-[multiline]:py-3 max-w-[var(--user-chat-width,70%)]\">\n<div class=\"whitespace-pre-wrap\"><a href=\"https:\/\/photos.app.goo.gl\/Moxt98gTuvDzfHQr7\"><img loading=\"lazy\" decoding=\"async\" class=\"alignnone size-full wp-image-10137\" src=\"https:\/\/agora.xtec.cat\/zer-pedrera\/wp-content\/uploads\/usu1473\/2026\/01\/portada-4.jpg\" alt=\"\" width=\"300\" height=\"225\" srcset=\"https:\/\/agora.xtec.cat\/zer-pedrera\/wp-content\/uploads\/usu1473\/2026\/01\/portada-4.jpg 300w, https:\/\/agora.xtec.cat\/zer-pedrera\/wp-content\/uploads\/usu1473\/2026\/01\/portada-4-200x150.jpg 200w\" sizes=\"auto, (max-width: 300px) 100vw, 300px\" \/><\/a><\/div>\n<\/div>\n<\/div>\n<\/div>\n<\/div>\n<\/div>\n<\/div>\n<\/article>\n","protected":false},"excerpt":{"rendered":"<p>L\u2019alumnat de l\u2019escola ha fet una sortida per visitar el castell de Puiggr\u00f2s, acompanyats d\u2019un arque\u00f2leg que ens ha ajudat a descobrir la seva hist\u00f2ria i els seus secrets. Durant la visita hem pogut con\u00e8ixer millor el nostre entorn, observar restes del passat i aprendre&hellip;  <a href=\"https:\/\/agora.xtec.cat\/zer-pedrera\/general\/lescola-abat-ruera-visita-el-castell-de-puiggros\/\" title=\"Read L&#8217;escola Abat Ruera visita el castell de Puiggr\u00f2s.\">Llegeix m\u00e9s\u00bb<\/a><\/p>\n","protected":false},"author":1,"featured_media":10137,"comment_status":"open","ping_status":"open","sticky":false,"template":"","format":"standard","meta":{"_bbp_topic_count":0,"_bbp_reply_count":0,"_bbp_total_topic_count":0,"_bbp_total_reply_count":0,"_bbp_voice_count":0,"_bbp_anonymous_reply_count":0,"_bbp_topic_count_hidden":0,"_bbp_reply_count_hidden":0,"_bbp_forum_subforum_count":0,"footnotes":""},"categories":[113,110,1,116,119,29,89,215],"tags":[],"class_list":["post-10136","post","type-post","status-publish","format-standard","has-post-thumbnail","hentry","category-e-infantil","category-escola-abat-ruera","category-general","category-medi","category-plastica","category-portada","category-primaria","category-steam"],"post_mailing_queue_ids":[],"_links":{"self":[{"href":"https:\/\/agora.xtec.cat\/zer-pedrera\/wp-json\/wp\/v2\/posts\/10136","targetHints":{"allow":["GET"]}}],"collection":[{"href":"https:\/\/agora.xtec.cat\/zer-pedrera\/wp-json\/wp\/v2\/posts"}],"about":[{"href":"https:\/\/agora.xtec.cat\/zer-pedrera\/wp-json\/wp\/v2\/types\/post"}],"author":[{"embeddable":true,"href":"https:\/\/agora.xtec.cat\/zer-pedrera\/wp-json\/wp\/v2\/users\/1"}],"replies":[{"embeddable":true,"href":"https:\/\/agora.xtec.cat\/zer-pedrera\/wp-json\/wp\/v2\/comments?post=10136"}],"version-history":[{"count":2,"href":"https:\/\/agora.xtec.cat\/zer-pedrera\/wp-json\/wp\/v2\/posts\/10136\/revisions"}],"predecessor-version":[{"id":10164,"href":"https:\/\/agora.xtec.cat\/zer-pedrera\/wp-json\/wp\/v2\/posts\/10136\/revisions\/10164"}],"wp:featuredmedia":[{"embeddable":true,"href":"https:\/\/agora.xtec.cat\/zer-pedrera\/wp-json\/wp\/v2\/media\/10137"}],"wp:attachment":[{"href":"https:\/\/agora.xtec.cat\/zer-pedrera\/wp-json\/wp\/v2\/media?parent=10136"}],"wp:term":[{"taxonomy":"category","embeddable":true,"href":"https:\/\/agora.xtec.cat\/zer-pedrera\/wp-json\/wp\/v2\/categories?post=10136"},{"taxonomy":"post_tag","embeddable":true,"href":"https:\/\/agora.xtec.cat\/zer-pedrera\/wp-json\/wp\/v2\/tags?post=10136"}],"curies":[{"name":"wp","href":"https:\/\/api.w.org\/{rel}","templated":true}]}}